{"id":36363,"date":"2022-01-11T21:40:21","date_gmt":"2022-01-12T03:40:21","guid":{"rendered":"http:\/\/www.zonaroja.com.mx\/?p=36363"},"modified":"2022-01-11T21:40:24","modified_gmt":"2022-01-12T03:40:24","slug":"reprime-policia-de-la-ciudad-de-mexico-a-triquis-de-oaxaca","status":"publish","type":"post","link":"https:\/\/zonaroja.com.mx\/?p=36363","title":{"rendered":"Reprime polic\u00eda de la Ciudad de M\u00e9xico a triquis de Oaxaca"},"content":{"rendered":"\n<p>Yuridiana Sosa\/Zona Roja.<\/p>\n\n\n\n<p>Oaxaca de Ju\u00e1rez, Oax., 11 de enero de 2022.- Ind\u00edgenas triquis de Oaxaca fueron reprimidos por elementos de la polic\u00eda de la Ciudad de M\u00e9xico, durante el desalojo de un bloqueo que manten\u00edan los oaxaque\u00f1os en avenida Reforma e Insurgentes, para exigir espacios para la venta de sus productos.<\/p>\n\n\n\n<p>Por varios minutos se registr\u00f3 la trifulca entre los integrantes de la Secretar\u00eda de Seguridad Ciudadana de la capital del pa\u00eds y los triquis, quienes quedaron encapsulados.<\/p>\n\n\n\n<p>Los manifestantes primero realizaron una marcha que parti\u00f3 del \u00c1ngel de la Independencia, pero al llegar al cruce de la avenida Reforma e Insurgentes, una de las m\u00e1s importantes vialidades de la Ciudad de M\u00e9xico, se detuvieron, ocasionando un bloqueo vial que de forma inmediata caus\u00f3 graves afectaciones.<\/p>\n\n\n\n<p>Minutos despu\u00e9s, un numeroso grupo de polic\u00edas con equipo antimot\u00edn arrib\u00f3 al lugar para desalojar a los triquis, quienes pusieron resistencia, ocasionando el enfrentamiento, sin que se reportaran lesionados por el evento.<\/p>\n\n\n\n<p>En entrevistas con medios nacionales, el secretario de Gobierno de la Ciudad de M\u00e9xico, Mart\u00ed Batres, dijo que los manifestantes fueron atendidos, pero en diversas ocasiones han tenido pl\u00e1ticas con ellos y se les ha apoyado, por lo que no hab\u00eda justificaci\u00f3n para la protesta de este martes.<\/p>\n\n\n\n<p>Para \u201cMilenio\u201d, declar\u00f3 que en m\u00e1s de 50 ocasiones, en el transcurso de junio de 2021 a la fecha, los triquis han sido recibidos en reuniones.<\/p>\n\n\n\n<p>\u201cA estas organizaciones se les ha dado una enorme atenci\u00f3n en t\u00e9rminos de reuniones y no solo eso, sino respuesta en muchos frentes, muchas de estas organizaciones est\u00e1n incorporadas a los programas de vivienda\u00bb, expuso en la entrevista para \u201cMilenio\u201d.<\/p>\n\n\n\n<p>Adem\u00e1s, que se les ha otorgado espacios y oportunidad para vender durante actividades culturales y de artesan\u00edas en la ciudad de M\u00e9xico.<\/p>\n","protected":false},"excerpt":{"rendered":"<p>Yuridiana Sosa\/Zona Roja. Oaxaca de Ju\u00e1rez, Oax., 11 de enero de 2022.- Ind\u00edgenas triquis de&hellip;<\/p>\n","protected":false},"author":2,"featured_media":36364,"comment_status":"closed","ping_status":"open","sticky":false,"template":"","format":"standard","meta":{"_lmt_disableupdate":"","_lmt_disable":"","_jetpack_memberships_contains_paid_content":false,"footnotes":""},"categories":[109,47],"tags":[],"class_list":["post-36363","post","type-post","status-publish","format-standard","has-post-thumbnail","hentry","category-minuto-a-minuto","category-zona-gris"],"jetpack_featured_media_url":"https:\/\/zonaroja.com.mx\/wp-content\/uploads\/2022\/01\/Triquis-Oaxaca-enfrentamiento.jpg","jetpack_sharing_enabled":true,"_links":{"self":[{"href":"https:\/\/zonaroja.com.mx\/index.php?rest_route=\/wp\/v2\/posts\/36363","targetHints":{"allow":["GET"]}}],"collection":[{"href":"https:\/\/zonaroja.com.mx\/index.php?rest_route=\/wp\/v2\/posts"}],"about":[{"href":"https:\/\/zonaroja.com.mx\/index.php?rest_route=\/wp\/v2\/types\/post"}],"author":[{"embeddable":true,"href":"https:\/\/zonaroja.com.mx\/index.php?rest_route=\/wp\/v2\/users\/2"}],"replies":[{"embeddable":true,"href":"https:\/\/zonaroja.com.mx\/index.php?rest_route=%2Fwp%2Fv2%2Fcomments&post=36363"}],"version-history":[{"count":1,"href":"https:\/\/zonaroja.com.mx\/index.php?rest_route=\/wp\/v2\/posts\/36363\/revisions"}],"predecessor-version":[{"id":36365,"href":"https:\/\/zonaroja.com.mx\/index.php?rest_route=\/wp\/v2\/posts\/36363\/revisions\/36365"}],"wp:featuredmedia":[{"embeddable":true,"href":"https:\/\/zonaroja.com.mx\/index.php?rest_route=\/wp\/v2\/media\/36364"}],"wp:attachment":[{"href":"https:\/\/zonaroja.com.mx\/index.php?rest_route=%2Fwp%2Fv2%2Fmedia&parent=36363"}],"wp:term":[{"taxonomy":"category","embeddable":true,"href":"https:\/\/zonaroja.com.mx\/index.php?rest_route=%2Fwp%2Fv2%2Fcategories&post=36363"},{"taxonomy":"post_tag","embeddable":true,"href":"https:\/\/zonaroja.com.mx\/index.php?rest_route=%2Fwp%2Fv2%2Ftags&post=36363"}],"curies":[{"name":"wp","href":"https:\/\/api.w.org\/{rel}","templated":true}]}}