{"id":36372,"date":"2022-01-12T07:20:54","date_gmt":"2022-01-12T13:20:54","guid":{"rendered":"http:\/\/www.zonaroja.com.mx\/?p=36372"},"modified":"2022-01-12T07:20:57","modified_gmt":"2022-01-12T13:20:57","slug":"inicia-en-oaxaca-aplicacion-de-dosis-anticovid-de-refuerzo-a-personal-docente","status":"publish","type":"post","link":"https:\/\/zonaroja.com.mx\/?p=36372","title":{"rendered":"Inicia en Oaxaca aplicaci\u00f3n de dosis anticovid de refuerzo a personal docente"},"content":{"rendered":"\n<p>Redacci\u00f3n\/Zona Roja.<\/p>\n\n\n\n<p>Oaxaca de Ju\u00e1rez, Oax. 12 de enero de 2022.- El Instituto Estatal de Educaci\u00f3n P\u00fablica de Oaxaca (IEEPO) inici\u00f3 las acciones de coordinaci\u00f3n con las dependencias federales y estatales correspondientes, para la aplicaci\u00f3n de dosis de refuerzo contra COVID-19 al personal educativo en la entidad, proceso que se llevar\u00e1 a cabo durante los d\u00edas 12, 13 y 14 de enero pr\u00f3ximo.<\/p>\n\n\n\n<p>Maestras, maestros, personal administrativo y de apoyo de instituciones educativas p\u00fablicas y particulares de educaci\u00f3n b\u00e1sica del estado que en su momento recibieron el biol\u00f3gico Cansino, ser\u00e1n inmunizados con dosis de la vacuna Moderna.<\/p>\n\n\n\n<p>De esta manera, quienes laboren en los distintos niveles educativos de preescolar, primaria y secundaria, en sus diferentes modalidades y sin distinci\u00f3n de categor\u00edas y funciones, con la presentaci\u00f3n del certificado de vacunaci\u00f3n, comprobante de pago del Fondo de la N\u00f3mina Educativa (FONE) o constancia de ingresos expedida por la instituci\u00f3n educativa a la que pertenezca, identificaci\u00f3n oficial INE y formato de refuerzo, deben acudir a recibir el biol\u00f3gico.<\/p>\n\n\n\n<p>Para tal efecto, la Secretar\u00eda de Educaci\u00f3n P\u00fablica (SEP), en coordinaci\u00f3n con autoridades del gobierno estatal a trav\u00e9s del Instituto Estatal de Educaci\u00f3n P\u00fablica de Oaxaca; las secretar\u00edas de Salud y de la Defensa Nacional; el Instituto Mexicano del Seguro Social (IMSS), y la Delegaci\u00f3n Estatal para Programas Integrales para el Desarrollo, establecieron 19 centros de vacunaci\u00f3n regionales en 17 municipios.<\/p>\n\n\n\n<p>Del 12 al 14 de enero estar\u00e1n instalados en la ciudad de Oaxaca en dos sedes: Instituto Tecnol\u00f3gico de Oaxaca y el Gimnasio Universitario de la UABJO; al igual que en el Instituto Tecnol\u00f3gico de Tuxtepec y en Juchit\u00e1n de Zaragoza en las instalaciones del Instituto Tecnol\u00f3gico del Istmo.<\/p>\n\n\n\n<p>Los d\u00edas 13 y 14 de enero se atender\u00e1 a Huajuapan de Le\u00f3n en la Escuela Secundaria Benito Ju\u00e1rez; Huautla de Jim\u00e9nez en la Escuela Secundaria General Antonio Caso; Ciudad Ixtepec en la Escuela Secundaria T\u00e9cnica n\u00famero 27; Juchit\u00e1n de Zaragoza, en el domo municipal de Mat\u00edas Romero; Miahuatl\u00e1n de Porfirio D\u00edaz en la Primaria Hermenegildo Galeana y el auditorio municipal de San Pedro y San Pablo Ayutla.<\/p>\n\n\n\n<p>En Santiago Pinotepa Nacional en el centro de vacunaci\u00f3n en el Instituto Tecnol\u00f3gico de Pinotepa; en San Pedro Pochutla en el Instituto Tecnol\u00f3gico de Pochutla; en San Pedro Mixtepec en la Unidad Deportiva de Puerto Escondido; en Teotitl\u00e1n de Flores Mag\u00f3n en la Unidad Deportiva de este municipio y en la Heroica Ciudad de Tlaxiaco en el Instituto Tecnol\u00f3gico de Tlaxiaco.<\/p>\n\n\n\n<p>Las mismas fechas, 13 y 14 de enero, la aplicaci\u00f3n del refuerzo tambi\u00e9n se realizar\u00e1 en la Normal Experimental Presidente L\u00e1zaro C\u00e1rdenas, de Putla Villa de Guerrero, el techado municipal de Ixtl\u00e1n de Ju\u00e1rez y la Escuela Primaria Justo Sierra, de Loma Bonita. Como \u00fanico d\u00eda, 13 de enero, se aplicar\u00e1n los refuerzos en el CBTA 131 de Santiago Juxtlahuaca.<\/p>\n\n\n\n<p>En lo que corresponde a los horarios, de 9:00 a 14:00 horas acudir\u00e1 el personal docente de escuelas p\u00fablicas y de 14:00 a 17:00 horas el personal de apoyo (administrativos), instituciones privadas, universidades y tecnol\u00f3gicos. Es importante resaltar que los trabajadores de la educaci\u00f3n que hayan recibido la vacuna contra COVID-19 y su refuerzo en las jornadas anteriores dirigidas a la sociedad en general con otros biol\u00f3gicos, no deber\u00e1n atender a la presente convocatoria.<\/p>\n\n\n\n<p>Por otra parte, la gu\u00eda pr\u00e1ctica para descargar el comprobante de pago y los pasos que se tienen que hacer desde el portal electr\u00f3nico del FONE se encuentran disponibles en la p\u00e1gina institucional www.oaxaca.gob.mx\/ieepo. Asimismo, el formato del comprobante de refuerzo se puede descargar en el enlace: https:\/\/mivacuna.salud.gob.mx\/index.php<\/p>\n\n\n\n<p>El Instituto Estatal de Educaci\u00f3n reconoce el trascendental rol de las maestras, maestros y personal de apoyo en la sociedad, as\u00ed como su labor para dar continuidad a los estudios de ni\u00f1as, ni\u00f1os y adolescentes en la nueva normalidad originada por el COVID-19, por lo que reitera su apoyo para brindarles orientaci\u00f3n y atenci\u00f3n durante la jornada de aplicaci\u00f3n de refuerzos.<\/p>\n","protected":false},"excerpt":{"rendered":"<p>Redacci\u00f3n\/Zona Roja. Oaxaca de Ju\u00e1rez, Oax. 12 de enero de 2022.- El Instituto Estatal de&hellip;<\/p>\n","protected":false},"author":2,"featured_media":36373,"comment_status":"closed","ping_status":"open","sticky":false,"template":"","format":"standard","meta":{"_lmt_disableupdate":"","_lmt_disable":"","_jetpack_memberships_contains_paid_content":false,"footnotes":""},"categories":[109,46],"tags":[2837],"class_list":["post-36372","post","type-post","status-publish","format-standard","has-post-thumbnail","hentry","category-minuto-a-minuto","category-zona-blanca","tag-instituto-estatal-de-educacion-publica-de-oaxaca-ieepo"],"jetpack_featured_media_url":"https:\/\/zonaroja.com.mx\/wp-content\/uploads\/2022\/01\/IEEPO-vacunacion-maestros-refuerzo.jpg","jetpack_sharing_enabled":true,"_links":{"self":[{"href":"https:\/\/zonaroja.com.mx\/index.php?rest_route=\/wp\/v2\/posts\/36372","targetHints":{"allow":["GET"]}}],"collection":[{"href":"https:\/\/zonaroja.com.mx\/index.php?rest_route=\/wp\/v2\/posts"}],"about":[{"href":"https:\/\/zonaroja.com.mx\/index.php?rest_route=\/wp\/v2\/types\/post"}],"author":[{"embeddable":true,"href":"https:\/\/zonaroja.com.mx\/index.php?rest_route=\/wp\/v2\/users\/2"}],"replies":[{"embeddable":true,"href":"https:\/\/zonaroja.com.mx\/index.php?rest_route=%2Fwp%2Fv2%2Fcomments&post=36372"}],"version-history":[{"count":1,"href":"https:\/\/zonaroja.com.mx\/index.php?rest_route=\/wp\/v2\/posts\/36372\/revisions"}],"predecessor-version":[{"id":36374,"href":"https:\/\/zonaroja.com.mx\/index.php?rest_route=\/wp\/v2\/posts\/36372\/revisions\/36374"}],"wp:featuredmedia":[{"embeddable":true,"href":"https:\/\/zonaroja.com.mx\/index.php?rest_route=\/wp\/v2\/media\/36373"}],"wp:attachment":[{"href":"https:\/\/zonaroja.com.mx\/index.php?rest_route=%2Fwp%2Fv2%2Fmedia&parent=36372"}],"wp:term":[{"taxonomy":"category","embeddable":true,"href":"https:\/\/zonaroja.com.mx\/index.php?rest_route=%2Fwp%2Fv2%2Fcategories&post=36372"},{"taxonomy":"post_tag","embeddable":true,"href":"https:\/\/zonaroja.com.mx\/index.php?rest_route=%2Fwp%2Fv2%2Ftags&post=36372"}],"curies":[{"name":"wp","href":"https:\/\/api.w.org\/{rel}","templated":true}]}}