{"id":3638,"date":"2019-09-03T16:13:11","date_gmt":"2019-09-03T21:13:11","guid":{"rendered":"http:\/\/www.zonaroja.com.mx\/?p=3638"},"modified":"2019-09-03T16:13:14","modified_gmt":"2019-09-03T21:13:14","slug":"desoye-gobierno-a-los-loxicha-cierran-palacio-de-gobierno","status":"publish","type":"post","link":"https:\/\/zonaroja.com.mx\/?p=3638","title":{"rendered":"Desoye gobierno a los Loxicha; cierran Palacio de Gobierno"},"content":{"rendered":"\n<p>Redacci\u00f3n\/<\/p>\n\n\n\n<p>Oaxaca de\nJu\u00e1rez, Oax., 3 de septiembre de 2019.- A falta de di\u00e1logo y mesa de atenci\u00f3n\npor parte de autoridades estatales de Oaxaca, integrantes del Consejo de\nComunidades Ind\u00edgenas de la Regi\u00f3n Loxicha y Sierra Sur (CCIRLS), bloquearon\naccesos al Palacio de Gobierno.<\/p>\n\n\n\n<p>Desde\ntemprana hora de este martes comenzaron a arribar al crucero del Aeropuerto,\nsobre la v\u00eda federal 175, Oaxaca-Puerto \u00c1ngel, para exigir la liberaci\u00f3n de sus\npresos pol\u00edticos, as\u00ed como alto a la represi\u00f3n que se vive en la zona.<\/p>\n\n\n\n<p>De acuerdo\ncon el vocero del CCIRLS, Galdino Enr\u00edquez Santiago, son m\u00e1s de 24 ind\u00edgenas\nlos que se encuentran en prisi\u00f3n en las c\u00e1rceles de Miahuatl\u00e1n de forma\ninjusta, mientras que otros 15 m\u00e1s cuentan con \u00f3rdenes de aprehensi\u00f3n, por el\n\u00fanico delito de manifestar su inconformidad ante las injusticias que se viven\nen los pueblos.<\/p>\n\n\n\n<p>En un breve encuentro con los medios de comunicaci\u00f3n, denunci\u00f3 al ex diputado federal, Oscar Valencia Garc\u00eda, como responsable de la represi\u00f3n en contra de ind\u00edgenas, ya que desde hace a\u00f1os encabeza un cacicazgo en la zona que cada vez se torn\u00f3 m\u00e1s violento y represor con la gente del pueblo inconforme.<\/p>\n\n\n\n<figure class=\"wp-block-embed-twitter wp-block-embed is-type-rich is-provider-twitter\"><div class=\"wp-block-embed__wrapper\">\n<div class=\"twitter-tweet\"><blockquote class=\"twitter-tweet\" data-lang=\"es\"><p lang=\"es\" dir=\"ltr\"><a href=\"https:\/\/twitter.com\/hashtag\/OaxacaGris?src=hash&amp;ref_src=twsrc%5Etfw\">#OaxacaGris<\/a><br>Justicia y seguridad, las demandas de organizaciones sociales y pobladores de los Loxicha, quienes denuncian que el ex diputado pri\u00edsta \u00d3scar Valencia promueve la violencia en la regi\u00f3n; salen en marcha del sur hacia el centro de la capital oaxaque\u00f1a. <a href=\"https:\/\/t.co\/IwMBbQidl3\">pic.twitter.com\/IwMBbQidl3<\/a><\/p>&mdash; Zona Roja Oaxaca (@MexRoja) <a href=\"https:\/\/twitter.com\/MexRoja\/status\/1168897887851470851?ref_src=twsrc%5Etfw\">3 de septiembre de 2019<\/a><\/blockquote><\/div>\n<\/div><\/figure>\n\n\n\n<p>\u201cHoy vamos a\niniciar la jornada, no nos vamos a ir de Oaxaca hasta que no se nos atiende,\nqueremos una mesa de negociaci\u00f3n con funcionarios de alto nivel, incluido el\ngobernador y el fiscal general\u201d, indic\u00f3.<\/p>\n\n\n\n<p>Explic\u00f3 que\nno est\u00e1n dispuestos a sentarse nuevamente con personal de la Secretar\u00eda General\nde Gobierno, ya que el funcionariado de la dependencia no ha podido solucionar\nla problem\u00e1tica, y por el contrario tambi\u00e9n ha reprimido su protesta social en\nlas instalaciones de Ciudad Administrativa.<\/p>\n\n\n\n<p>As\u00ed mismo el\ngrupo manifestante asegur\u00f3 que cuenta con el respaldo de las 78 comunidades de\nla regi\u00f3n Loxicha, as\u00ed como de las familias de los presos pol\u00edticos y de las\nque cuentan con orden de aprehensi\u00f3n de forma injustificada.<\/p>\n\n\n\n<p>Tras permanecer por al menos tres horas en el crucero hacia el aeropuerto, los manifestantes protestaron en la sede de la Fiscal\u00eda General del Estado, en La Experimental, San Antonio de la Cal, para exigir una mesa de di\u00e1logo con el fiscal Rub\u00e9n Vasconcelos M\u00e9ndez; sin embargo, les cerraron las puertas.<\/p>\n\n\n\n<figure class=\"wp-block-embed-twitter wp-block-embed is-type-rich is-provider-twitter\"><div class=\"wp-block-embed__wrapper\">\n<div class=\"twitter-tweet\"><blockquote class=\"twitter-tweet\" data-lang=\"es\"><p lang=\"es\" dir=\"ltr\"><a href=\"https:\/\/twitter.com\/hashtag\/OaxacaRojo?src=hash&amp;ref_src=twsrc%5Etfw\">#OaxacaRojo<\/a><br>Pobladores de los Loxicha denuncian negativa del titular de la <a href=\"https:\/\/twitter.com\/FISCALIA_GobOax?ref_src=twsrc%5Etfw\">@FISCALIA_GobOax<\/a>, <a href=\"https:\/\/twitter.com\/RVasconcelosM?ref_src=twsrc%5Etfw\">@RVasconcelosM<\/a>, para entablar una mesa de di\u00e1logo y atender sus problemas en materia de justicia. Protestan en la sede de la instancia ubicada en La Experimental, San Antonio de la Cal. <a href=\"https:\/\/t.co\/IEIlCwqghT\">pic.twitter.com\/IEIlCwqghT<\/a><\/p>&mdash; Zona Roja Oaxaca (@MexRoja) <a href=\"https:\/\/twitter.com\/MexRoja\/status\/1168940123872010241?ref_src=twsrc%5Etfw\">3 de septiembre de 2019<\/a><\/blockquote><\/div>\n<\/div><\/figure>\n\n\n\n<p>Tras ello,\narribaron al z\u00f3calo esta tarde, donde realizan una protesta y bloquean accesosal\nPalacio de Gobierno, para pedir di\u00e1logo directo con el titular del Ejecutivo, Alejandro\nMurat Hinojosa.<\/p>\n\n\n\n<p>Cabe se\u00f1alar\nque desde ayer otro grupo de personas de San Agust\u00edn Loxicha realiz\u00f3 un mitin\nen las oficinas de la Defensor\u00eda de los Derechos Humanos del Pueblo de Oaxaca\n(DDHPO) para exigir justicia por el asesinato de sus familiares en la Sierra\nSur de Oaxaca.<\/p>\n\n\n\n<p>Dentro de\nsus demandas tambi\u00e9n se encontraba la detenci\u00f3n de presidente municipal Pedro\nV\u00e1squez e integrantes de su grupo llamado Consejo de Comunidades encabezados por\nMois\u00e9s Santiago Hern\u00e1ndez y Galdino Enr\u00edquez Santiago, estos \u00faltimos quienes se\nmanifestaron este martes, lo que evidencia que el conflicto en la zona con m\u00e1s\nde una d\u00e9cada de existencia podr\u00eda incrementarse de no ser atendido.<\/p>\n","protected":false},"excerpt":{"rendered":"<p>Redacci\u00f3n\/ Oaxaca de Ju\u00e1rez, Oax., 3 de septiembre de 2019.- A falta de di\u00e1logo y&hellip;<\/p>\n","protected":false},"author":2,"featured_media":3639,"comment_status":"closed","ping_status":"open","sticky":false,"template":"","format":"standard","meta":{"_lmt_disableupdate":"","_lmt_disable":"","_jetpack_memberships_contains_paid_content":false,"footnotes":""},"categories":[109,47],"tags":[660],"class_list":["post-3638","post","type-post","status-publish","format-standard","has-post-thumbnail","hentry","category-minuto-a-minuto","category-zona-gris","tag-loxichas"],"jetpack_featured_media_url":"https:\/\/zonaroja.com.mx\/wp-content\/uploads\/2019\/09\/3c2f3dbc-6cb5-409f-843f-0813903cfe9c.jpg","jetpack_sharing_enabled":true,"_links":{"self":[{"href":"https:\/\/zonaroja.com.mx\/index.php?rest_route=\/wp\/v2\/posts\/3638","targetHints":{"allow":["GET"]}}],"collection":[{"href":"https:\/\/zonaroja.com.mx\/index.php?rest_route=\/wp\/v2\/posts"}],"about":[{"href":"https:\/\/zonaroja.com.mx\/index.php?rest_route=\/wp\/v2\/types\/post"}],"author":[{"embeddable":true,"href":"https:\/\/zonaroja.com.mx\/index.php?rest_route=\/wp\/v2\/users\/2"}],"replies":[{"embeddable":true,"href":"https:\/\/zonaroja.com.mx\/index.php?rest_route=%2Fwp%2Fv2%2Fcomments&post=3638"}],"version-history":[{"count":1,"href":"https:\/\/zonaroja.com.mx\/index.php?rest_route=\/wp\/v2\/posts\/3638\/revisions"}],"predecessor-version":[{"id":3640,"href":"https:\/\/zonaroja.com.mx\/index.php?rest_route=\/wp\/v2\/posts\/3638\/revisions\/3640"}],"wp:featuredmedia":[{"embeddable":true,"href":"https:\/\/zonaroja.com.mx\/index.php?rest_route=\/wp\/v2\/media\/3639"}],"wp:attachment":[{"href":"https:\/\/zonaroja.com.mx\/index.php?rest_route=%2Fwp%2Fv2%2Fmedia&parent=3638"}],"wp:term":[{"taxonomy":"category","embeddable":true,"href":"https:\/\/zonaroja.com.mx\/index.php?rest_route=%2Fwp%2Fv2%2Fcategories&post=3638"},{"taxonomy":"post_tag","embeddable":true,"href":"https:\/\/zonaroja.com.mx\/index.php?rest_route=%2Fwp%2Fv2%2Ftags&post=3638"}],"curies":[{"name":"wp","href":"https:\/\/api.w.org\/{rel}","templated":true}]}}