{"id":36383,"date":"2022-01-12T10:14:05","date_gmt":"2022-01-12T16:14:05","guid":{"rendered":"http:\/\/www.zonaroja.com.mx\/?p=36383"},"modified":"2022-01-12T10:14:08","modified_gmt":"2022-01-12T16:14:08","slug":"ejecutan-a-cuatro-en-juchitan-oaxaca-entre-ellos-una-mujer","status":"publish","type":"post","link":"https:\/\/zonaroja.com.mx\/?p=36383","title":{"rendered":"Ejecutan a cuatro en Juchit\u00e1n, Oaxaca, entre ellos una mujer"},"content":{"rendered":"\n<p>Ismael Garc\u00eda M.\/Zona Roja.<\/p>\n\n\n\n<p>Oaxaca de Ju\u00e1rez, Oax., 12 de enero de 2022.- Cuatro personas fueron asesinadas a balazos la ma\u00f1ana de este mi\u00e9rcoles en Juchit\u00e1n de Zaragoza, Oaxaca, entre ellas una mujer.<\/p>\n\n\n\n<p>Con este \u00faltimo caso, suman cuatro probables feminicidios perpetrados en una semana, dos de ellos en la capital de Oaxaca y uno m\u00e1s en el municipio istme\u00f1o de Santa Mar\u00eda Petapa.<\/p>\n\n\n\n<p>En el caso de la masacre en Juchit\u00e1n de Zaragoza, ocurri\u00f3 en la calle Bugambilia de la colonia La Amistad, en el barrio Novena Secci\u00f3n.<\/p>\n\n\n\n<p>Sujetos armados ingresaron a un domicilio particular y acribillaron a los integrantes de la familia que, de manera preliminar, fueron identificados como C\u00e1ndido Luis Guerra, Mar\u00eda Mendoza, el adolescente Cristian vera Morales y V\u00edctor Montero; adem\u00e1s, result\u00f3 lesionado un individuo de nombre Manuel Nicol\u00e1s V\u00e1squez.<\/p>\n\n\n\n<p>Personal de la Fiscal\u00eda General del Estado de Oaxaca se encuentra en la zona, sin embargo, los familiares decidieron levantar de inmediato los cuerpos de los cuatro ejecutados.<\/p>\n","protected":false},"excerpt":{"rendered":"<p>Ismael Garc\u00eda M.\/Zona Roja. Oaxaca de Ju\u00e1rez, Oax., 12 de enero de 2022.- Cuatro personas&hellip;<\/p>\n","protected":false},"author":2,"featured_media":15591,"comment_status":"closed","ping_status":"open","sticky":false,"template":"","format":"standard","meta":{"_lmt_disableupdate":"","_lmt_disable":"","_jetpack_memberships_contains_paid_content":false,"footnotes":""},"categories":[109,51],"tags":[123],"class_list":["post-36383","post","type-post","status-publish","format-standard","has-post-thumbnail","hentry","category-minuto-a-minuto","category-zona-roja","tag-juchitan-de-zaragoza"],"jetpack_featured_media_url":"https:\/\/zonaroja.com.mx\/wp-content\/uploads\/2020\/07\/Escena-del-crimen-8.jpg","jetpack_sharing_enabled":true,"_links":{"self":[{"href":"https:\/\/zonaroja.com.mx\/index.php?rest_route=\/wp\/v2\/posts\/36383","targetHints":{"allow":["GET"]}}],"collection":[{"href":"https:\/\/zonaroja.com.mx\/index.php?rest_route=\/wp\/v2\/posts"}],"about":[{"href":"https:\/\/zonaroja.com.mx\/index.php?rest_route=\/wp\/v2\/types\/post"}],"author":[{"embeddable":true,"href":"https:\/\/zonaroja.com.mx\/index.php?rest_route=\/wp\/v2\/users\/2"}],"replies":[{"embeddable":true,"href":"https:\/\/zonaroja.com.mx\/index.php?rest_route=%2Fwp%2Fv2%2Fcomments&post=36383"}],"version-history":[{"count":1,"href":"https:\/\/zonaroja.com.mx\/index.php?rest_route=\/wp\/v2\/posts\/36383\/revisions"}],"predecessor-version":[{"id":36384,"href":"https:\/\/zonaroja.com.mx\/index.php?rest_route=\/wp\/v2\/posts\/36383\/revisions\/36384"}],"wp:featuredmedia":[{"embeddable":true,"href":"https:\/\/zonaroja.com.mx\/index.php?rest_route=\/wp\/v2\/media\/15591"}],"wp:attachment":[{"href":"https:\/\/zonaroja.com.mx\/index.php?rest_route=%2Fwp%2Fv2%2Fmedia&parent=36383"}],"wp:term":[{"taxonomy":"category","embeddable":true,"href":"https:\/\/zonaroja.com.mx\/index.php?rest_route=%2Fwp%2Fv2%2Fcategories&post=36383"},{"taxonomy":"post_tag","embeddable":true,"href":"https:\/\/zonaroja.com.mx\/index.php?rest_route=%2Fwp%2Fv2%2Ftags&post=36383"}],"curies":[{"name":"wp","href":"https:\/\/api.w.org\/{rel}","templated":true}]}}