{"id":36388,"date":"2022-01-12T15:42:55","date_gmt":"2022-01-12T21:42:55","guid":{"rendered":"https:\/\/www.zonaroja.com.mx\/?p=36388"},"modified":"2022-01-12T15:43:08","modified_gmt":"2022-01-12T21:43:08","slug":"detiene-fiscalia-a-dos-probables-autores-de-asesinato-de-ex-diputada-ivonne-gallegos","status":"publish","type":"post","link":"https:\/\/zonaroja.com.mx\/?p=36388","title":{"rendered":"Detiene Fiscal\u00eda a dos probables autores de asesinato de ex diputada Ivonne Gallegos"},"content":{"rendered":"\n<p>Redacci\u00f3n\/Zona Roja. <\/p>\n\n\n\n<p>Oaxaca de Ju\u00e1rez, Oax., 12 de enero de 2022.- Personal de la Fiscal\u00eda General del Estado de Oaxaca detuvo a dos personas como probables responsables del asesinato de la ex diputada del Partido Acci\u00f3n Nacional (PAN), Iv\u00f3n Gallegos.<\/p>\n\n\n\n<p>Ello en cumplimiento a una orden de aprehensi\u00f3n por el delito de homicidio, tras lo cual la ma\u00f1ana de este mi\u00e9rcoles fueron llevados ante el juez de control de Ejutla de Crespo para calificar de legal su detenci\u00f3n y comunicarles la imputaci\u00f3n.<\/p>\n\n\n\n<p>Seg\u00fan datos preliminares, se trata de A.G.B., y R.D.M., en contra de quienes se ejecut\u00f3 el mandato judicial en 711\/2021 por el delito de homicidio.<\/p>\n\n\n\n<p>La ex diputada local y aspirante a la presidencia municipal de Ocotl\u00e1n de Morelos, fue asesinada el 20 de marzo del 2021 en la carretera federal 175, inmediaciones de San Juan Chilateca, por sujetos desconocidos, quienes le dispararon cuando se encontraba al interior de su camioneta con una persona del sexo masculino. <\/p>\n","protected":false},"excerpt":{"rendered":"<p>Redacci\u00f3n\/Zona Roja. Oaxaca de Ju\u00e1rez, Oax., 12 de enero de 2022.- Personal de la Fiscal\u00eda&hellip;<\/p>\n","protected":false},"author":2,"featured_media":25016,"comment_status":"closed","ping_status":"open","sticky":false,"template":"","format":"standard","meta":{"_lmt_disableupdate":"","_lmt_disable":"","_jetpack_memberships_contains_paid_content":false,"footnotes":""},"categories":[109,47],"tags":[],"class_list":["post-36388","post","type-post","status-publish","format-standard","has-post-thumbnail","hentry","category-minuto-a-minuto","category-zona-gris"],"jetpack_featured_media_url":"https:\/\/zonaroja.com.mx\/wp-content\/uploads\/2021\/03\/Ocotlan-Ivonne-Gallegos-2.jpg","jetpack_sharing_enabled":true,"_links":{"self":[{"href":"https:\/\/zonaroja.com.mx\/index.php?rest_route=\/wp\/v2\/posts\/36388","targetHints":{"allow":["GET"]}}],"collection":[{"href":"https:\/\/zonaroja.com.mx\/index.php?rest_route=\/wp\/v2\/posts"}],"about":[{"href":"https:\/\/zonaroja.com.mx\/index.php?rest_route=\/wp\/v2\/types\/post"}],"author":[{"embeddable":true,"href":"https:\/\/zonaroja.com.mx\/index.php?rest_route=\/wp\/v2\/users\/2"}],"replies":[{"embeddable":true,"href":"https:\/\/zonaroja.com.mx\/index.php?rest_route=%2Fwp%2Fv2%2Fcomments&post=36388"}],"version-history":[{"count":1,"href":"https:\/\/zonaroja.com.mx\/index.php?rest_route=\/wp\/v2\/posts\/36388\/revisions"}],"predecessor-version":[{"id":36389,"href":"https:\/\/zonaroja.com.mx\/index.php?rest_route=\/wp\/v2\/posts\/36388\/revisions\/36389"}],"wp:featuredmedia":[{"embeddable":true,"href":"https:\/\/zonaroja.com.mx\/index.php?rest_route=\/wp\/v2\/media\/25016"}],"wp:attachment":[{"href":"https:\/\/zonaroja.com.mx\/index.php?rest_route=%2Fwp%2Fv2%2Fmedia&parent=36388"}],"wp:term":[{"taxonomy":"category","embeddable":true,"href":"https:\/\/zonaroja.com.mx\/index.php?rest_route=%2Fwp%2Fv2%2Fcategories&post=36388"},{"taxonomy":"post_tag","embeddable":true,"href":"https:\/\/zonaroja.com.mx\/index.php?rest_route=%2Fwp%2Fv2%2Ftags&post=36388"}],"curies":[{"name":"wp","href":"https:\/\/api.w.org\/{rel}","templated":true}]}}