{"id":36390,"date":"2022-01-12T20:09:52","date_gmt":"2022-01-13T02:09:52","guid":{"rendered":"http:\/\/www.zonaroja.com.mx\/?p=36390"},"modified":"2022-01-12T20:10:00","modified_gmt":"2022-01-13T02:10:00","slug":"demandan-auditoria-para-edil-de-ayoquezco-de-aldama","status":"publish","type":"post","link":"https:\/\/zonaroja.com.mx\/?p=36390","title":{"rendered":"Demandan auditor\u00eda para edil de Ayoquezco de Aldama"},"content":{"rendered":"\n<p>Yuridiana Sosa\/Zona Roja.<\/p>\n\n\n\n<p>Oaxaca de Ju\u00e1rez, Oax., 12 de enero de 2022.- Con una manifestaci\u00f3n a la puerta de las oficinas del Organismo Superior de Fiscalizaci\u00f3n Estado de Oaxaca (OSFEO), habitantes y autoridades de Ayoquezco de Aldama, exigieron aplicar una auditor\u00eda al edil Manuel Miguel Ortiz Quintero.<\/p>\n\n\n\n<p>Los manifestantes demandaron al \u00f3rgano fiscalizador que revise la aplicaci\u00f3n de recursos del periodo que ha ejercido Ortiz Quintero, y su antecesor Nic\u00e9foro Ch\u00e1vez, pues han declarado ante el Consejo Estatal de Armonizaci\u00f3n Contable de Oaxaca (CEACO), la Secretar\u00eda de Finanzas, obras que no existen.<\/p>\n\n\n\n<p>\u201c\u00a1Se ve se siente, Ayoquezco est\u00e1 presente!\u201d, gritaron con molestia los habitantes y autoridades de este municipio regidos por Usos y Costumbres, pues a pesar de anteriores peticiones por escrito la autoridad no atiende a su demanda, pues est\u00e1n hartos que no haya transparencia desde hace varios a\u00f1os.<\/p>\n\n\n\n<p>Entre los inconformes estaban presentes las regidoras Elvia Jim\u00e9nez e Isabel P\u00e9rez, quienes apuntaron que el edil no ha rendido cuentas a la poblaci\u00f3n a pesar que est\u00e1 obligado a hacerlo por el sistema que se rige, por eso han acudido al OSFEO.<\/p>\n\n\n\n<figure class=\"wp-block-embed is-type-rich is-provider-twitter wp-block-embed-twitter\"><div class=\"wp-block-embed__wrapper\">\n<div class=\"twitter-tweet\"><blockquote class=\"twitter-tweet\" data-lang=\"es\"><p lang=\"es\" dir=\"ltr\"><a href=\"https:\/\/twitter.com\/hashtag\/ENVIVO?src=hash&amp;ref_src=twsrc%5Etfw\">#ENVIVO<\/a><br>Oaxaca de Ju\u00e1rez, Oax., 12 de enero de 2022.- Habitantes y autoridades de Ayoquezco de Aldama denuncian irregularidades y piden intervenci\u00f3n del Organismo Superior de Fiscalizaci\u00f3n (<a href=\"https:\/\/twitter.com\/OSFE_OAXACA?ref_src=twsrc%5Etfw\">@OSFE_OAXACA<\/a>).<br>Aqu\u00ed la transmisi\u00f3n:<br>\ud83d\udc47<a href=\"https:\/\/t.co\/dL5Gj6b7gd\">https:\/\/t.co\/dL5Gj6b7gd<\/a> <a href=\"https:\/\/t.co\/jPwFjw3JQT\">pic.twitter.com\/jPwFjw3JQT<\/a><\/p>&mdash; Zona Roja Oaxaca (@Zona_Roja_Oax) <a href=\"https:\/\/twitter.com\/Zona_Roja_Oax\/status\/1481319103486902276?ref_src=twsrc%5Etfw\">12 de enero de 2022<\/a><\/blockquote><\/div>\n<\/div><\/figure>\n\n\n\n<p>Pero, adem\u00e1s, tambi\u00e9n han solicitado una revisi\u00f3n especial por el destino de m\u00e1s de 780 mil pesos que el edil declar\u00f3 que fueron recibidos por la regidora de Salud y Deportes, Elvia Jim\u00e9nez, por concepto de apoyo social, lo cual negaron.<\/p>\n\n\n\n<p>Como ese dinero, tambi\u00e9n quieren saber sobre la declaraci\u00f3n de m\u00e1s de 330 mil pesos en una obra que se realiz\u00f3 por tequio, as\u00ed como el dinero por la construcci\u00f3n de un pozo profundo que no existe, entre otras obras.<\/p>\n\n\n\n<p>La autoridad municipal expres\u00f3 que entre las excusas que el Osfe ha puesto sobre la investigaci\u00f3n es que el edil justifica que no puede acceder a las oficinas del ayuntamiento, por lo que Elvia Jim\u00e9nez dispuso las facilidades para que el edil pueda acceder a la informaci\u00f3n que le solicitan.<\/p>\n\n\n\n<p>&nbsp;Respecto a las denuncias por violencia pol\u00edtica por raz\u00f3n de g\u00e9nero por parte del edil contra dos regidoras, Elvia Jim\u00e9nez \u2013una de las v\u00edctimas-, apunt\u00f3 que ya est\u00e1 en proceso la revocaci\u00f3n de mandato.<\/p>\n\n\n\n<p>Elvia Jim\u00e9nez e Isabel P\u00e9rez comenzaron a ser v\u00edctimas de violencia g\u00e9nero por exigir al presidente municipal transparencia y rendici\u00f3n de cuentas sobre los recursos p\u00fablicos.<\/p>\n","protected":false},"excerpt":{"rendered":"<p>Yuridiana Sosa\/Zona Roja. Oaxaca de Ju\u00e1rez, Oax., 12 de enero de 2022.- Con una manifestaci\u00f3n&hellip;<\/p>\n","protected":false},"author":2,"featured_media":36391,"comment_status":"closed","ping_status":"open","sticky":false,"template":"","format":"standard","meta":{"_lmt_disableupdate":"","_lmt_disable":"","_jetpack_memberships_contains_paid_content":false,"footnotes":""},"categories":[109,47],"tags":[2360],"class_list":["post-36390","post","type-post","status-publish","format-standard","has-post-thumbnail","hentry","category-minuto-a-minuto","category-zona-gris","tag-ayoquezco-de-aldama"],"jetpack_featured_media_url":"https:\/\/zonaroja.com.mx\/wp-content\/uploads\/2022\/01\/Ayoquezco-protesta-en-la-OSFEO.jpg","jetpack_sharing_enabled":true,"_links":{"self":[{"href":"https:\/\/zonaroja.com.mx\/index.php?rest_route=\/wp\/v2\/posts\/36390","targetHints":{"allow":["GET"]}}],"collection":[{"href":"https:\/\/zonaroja.com.mx\/index.php?rest_route=\/wp\/v2\/posts"}],"about":[{"href":"https:\/\/zonaroja.com.mx\/index.php?rest_route=\/wp\/v2\/types\/post"}],"author":[{"embeddable":true,"href":"https:\/\/zonaroja.com.mx\/index.php?rest_route=\/wp\/v2\/users\/2"}],"replies":[{"embeddable":true,"href":"https:\/\/zonaroja.com.mx\/index.php?rest_route=%2Fwp%2Fv2%2Fcomments&post=36390"}],"version-history":[{"count":1,"href":"https:\/\/zonaroja.com.mx\/index.php?rest_route=\/wp\/v2\/posts\/36390\/revisions"}],"predecessor-version":[{"id":36392,"href":"https:\/\/zonaroja.com.mx\/index.php?rest_route=\/wp\/v2\/posts\/36390\/revisions\/36392"}],"wp:featuredmedia":[{"embeddable":true,"href":"https:\/\/zonaroja.com.mx\/index.php?rest_route=\/wp\/v2\/media\/36391"}],"wp:attachment":[{"href":"https:\/\/zonaroja.com.mx\/index.php?rest_route=%2Fwp%2Fv2%2Fmedia&parent=36390"}],"wp:term":[{"taxonomy":"category","embeddable":true,"href":"https:\/\/zonaroja.com.mx\/index.php?rest_route=%2Fwp%2Fv2%2Fcategories&post=36390"},{"taxonomy":"post_tag","embeddable":true,"href":"https:\/\/zonaroja.com.mx\/index.php?rest_route=%2Fwp%2Fv2%2Ftags&post=36390"}],"curies":[{"name":"wp","href":"https:\/\/api.w.org\/{rel}","templated":true}]}}