{"id":36399,"date":"2022-01-13T08:05:51","date_gmt":"2022-01-13T14:05:51","guid":{"rendered":"http:\/\/www.zonaroja.com.mx\/?p=36399"},"modified":"2022-01-13T08:05:54","modified_gmt":"2022-01-13T14:05:54","slug":"pide-legisladora-a-fiscalia-mas-efectividad-en-justicia-de-feminicidios","status":"publish","type":"post","link":"https:\/\/zonaroja.com.mx\/?p=36399","title":{"rendered":"Pide legisladora a Fiscal\u00eda m\u00e1s efectividad en justicia de feminicidios"},"content":{"rendered":"\n<p>Yuridiana Sosa\/Zona Roja.<\/p>\n\n\n\n<p>Oaxaca de Ju\u00e1rez, Oax., 13 de enero de 2022.- Frente a la ola de feminicidios que azota a la entidad, la presidenta de la Mesa Directiva del Congreso de Oaxaca, Mariana Ben\u00edtez Tiburcio, pidi\u00f3 a la Fiscal\u00eda General del Estado realizar investigaciones m\u00e1s \u00e1giles y oportunas para obtener justicia ante estos delitos.<\/p>\n\n\n\n<p>La diputada local apunt\u00f3 que desde el Congreso local se ha trabajado en endurecer las leyes ante los feminicidios con el fin de que las autoridades de justicia tengan mayores elementos para aplicar las investigaciones correspondientes y sentencias m\u00e1s acorde a este crimen.<\/p>\n\n\n\n<p>\u201cPara detener esta pandemia (de feminicidios) tenemos que trabajar con medidas extraordinarias\u201d, se\u00f1al\u00f3 la legisladora, respecto a que para erradicar este delito debe existir un mayor trabajo tanto de los gobiernos como de la sociedad.<\/p>\n\n\n\n<figure class=\"wp-block-embed is-type-rich is-provider-twitter wp-block-embed-twitter\"><div class=\"wp-block-embed__wrapper\">\n<div class=\"twitter-tweet\"><blockquote class=\"twitter-tweet\" data-lang=\"es\"><p lang=\"es\" dir=\"ltr\">La presidenta de la Mesa Directiva del <a href=\"https:\/\/twitter.com\/CongresoOaxaca_?ref_src=twsrc%5Etfw\">@CongresoOaxaca_<\/a>, <a href=\"https:\/\/twitter.com\/marianabenitezt?ref_src=twsrc%5Etfw\">@marianabenitezt<\/a>, lament\u00f3 el creciente n\u00famero de feminicidios en <a href=\"https:\/\/twitter.com\/hashtag\/Oaxaca?src=hash&amp;ref_src=twsrc%5Etfw\">#Oaxaca<\/a> y pidi\u00f3 a la <a href=\"https:\/\/twitter.com\/FISCALIA_GobOax?ref_src=twsrc%5Etfw\">@FISCALIA_GobOax<\/a> agilizar la investigaci\u00f3n de los casos. <a href=\"https:\/\/t.co\/xqAlALzP0y\">pic.twitter.com\/xqAlALzP0y<\/a><\/p>&mdash; Zona Roja Oaxaca (@Zona_Roja_Oax) <a href=\"https:\/\/twitter.com\/Zona_Roja_Oax\/status\/1481423177767170062?ref_src=twsrc%5Etfw\">13 de enero de 2022<\/a><\/blockquote><\/div>\n<\/div><\/figure>\n\n\n\n<p>Desde la perspectiva de Ben\u00edtez Tiburcio, hace falta trabajar en la prevenci\u00f3n en la ni\u00f1ez y en las juventudes, para evitar la reproducci\u00f3n de las violencias en edades futuras, por lo que se deben ejecutar acciones para erradicar la violencia en el hogar y en las escuelas.<\/p>\n\n\n\n<p>Pues tanto es importante que desde las autoridades se aplique justicia a los casos como prevenir la violencia desde los distintos \u00e1mbitos de la sociedad.<\/p>\n\n\n\n<p>En lo que respecta al Congreso de Oaxaca en esta labor, la diputada expuso que revisar\u00e1n el marco legal y dar\u00e1n atenci\u00f3n al fortalecimiento de esquemas de prevenci\u00f3n del delito y las violencias.<\/p>\n","protected":false},"excerpt":{"rendered":"<p>Yuridiana Sosa\/Zona Roja. Oaxaca de Ju\u00e1rez, Oax., 13 de enero de 2022.- Frente a la&hellip;<\/p>\n","protected":false},"author":2,"featured_media":36400,"comment_status":"closed","ping_status":"open","sticky":false,"template":"","format":"standard","meta":{"_lmt_disableupdate":"","_lmt_disable":"","_jetpack_memberships_contains_paid_content":false,"footnotes":""},"categories":[109,46],"tags":[2969],"class_list":["post-36399","post","type-post","status-publish","format-standard","has-post-thumbnail","hentry","category-minuto-a-minuto","category-zona-blanca","tag-mariana-benitez-tiburcio"],"jetpack_featured_media_url":"https:\/\/zonaroja.com.mx\/wp-content\/uploads\/2022\/01\/Mariana-Benitez-T-1.jpg","jetpack_sharing_enabled":true,"_links":{"self":[{"href":"https:\/\/zonaroja.com.mx\/index.php?rest_route=\/wp\/v2\/posts\/36399","targetHints":{"allow":["GET"]}}],"collection":[{"href":"https:\/\/zonaroja.com.mx\/index.php?rest_route=\/wp\/v2\/posts"}],"about":[{"href":"https:\/\/zonaroja.com.mx\/index.php?rest_route=\/wp\/v2\/types\/post"}],"author":[{"embeddable":true,"href":"https:\/\/zonaroja.com.mx\/index.php?rest_route=\/wp\/v2\/users\/2"}],"replies":[{"embeddable":true,"href":"https:\/\/zonaroja.com.mx\/index.php?rest_route=%2Fwp%2Fv2%2Fcomments&post=36399"}],"version-history":[{"count":1,"href":"https:\/\/zonaroja.com.mx\/index.php?rest_route=\/wp\/v2\/posts\/36399\/revisions"}],"predecessor-version":[{"id":36401,"href":"https:\/\/zonaroja.com.mx\/index.php?rest_route=\/wp\/v2\/posts\/36399\/revisions\/36401"}],"wp:featuredmedia":[{"embeddable":true,"href":"https:\/\/zonaroja.com.mx\/index.php?rest_route=\/wp\/v2\/media\/36400"}],"wp:attachment":[{"href":"https:\/\/zonaroja.com.mx\/index.php?rest_route=%2Fwp%2Fv2%2Fmedia&parent=36399"}],"wp:term":[{"taxonomy":"category","embeddable":true,"href":"https:\/\/zonaroja.com.mx\/index.php?rest_route=%2Fwp%2Fv2%2Fcategories&post=36399"},{"taxonomy":"post_tag","embeddable":true,"href":"https:\/\/zonaroja.com.mx\/index.php?rest_route=%2Fwp%2Fv2%2Ftags&post=36399"}],"curies":[{"name":"wp","href":"https:\/\/api.w.org\/{rel}","templated":true}]}}