{"id":36402,"date":"2022-01-13T08:10:33","date_gmt":"2022-01-13T14:10:33","guid":{"rendered":"http:\/\/www.zonaroja.com.mx\/?p=36402"},"modified":"2022-01-13T08:10:35","modified_gmt":"2022-01-13T14:10:35","slug":"hoy-segundo-dia-de-vacunacion-a-maestros-autoridades-supervisan-atencion","status":"publish","type":"post","link":"https:\/\/zonaroja.com.mx\/?p=36402","title":{"rendered":"Hoy, segundo d\u00eda de vacunaci\u00f3n a maestros; autoridades supervisan atenci\u00f3n"},"content":{"rendered":"\n<p>Redacci\u00f3n\/Zona Roja.<\/p>\n\n\n\n<p>Oaxaca de Ju\u00e1rez, Oax. 13 de enero de 2022.- Atendiendo la instrucci\u00f3n del gobernador Alejandro Murat Hinojosa y en la coordinaci\u00f3n de acciones entre los gobiernos federal y estatal para la aplicaci\u00f3n del biol\u00f3gico de refuerzo contra Covid-19 a personal educativo en la entidad, el encargado de Despacho del Instituto Estatal de Educaci\u00f3n P\u00fablica de Oaxaca (IEEPO), Ernesto L\u00f3pez Montero, realiz\u00f3 un recorrido por los centros de vacunaci\u00f3n.<\/p>\n\n\n\n<p>Ayer, en el primer d\u00eda de la actividad, en compa\u00f1\u00eda del coordinador general de Enlace Educativo de la Secretar\u00eda de Educaci\u00f3n P\u00fablica (SEP), Hernando Peniche Montfort; de la delegada federal de los Programas Bienestar, Nancy Ortiz Cabrera, y del rector de la Universidad Aut\u00f3noma \u201cBenito Ju\u00e1rez\u201d de Oaxaca, Eduardo Bautista Mart\u00ednez, entre otros servidores p\u00fablicos, visit\u00f3 la sede ubicada en el Gimnasio Universitario de la UABJO.<\/p>\n\n\n\n<p>Ah\u00ed, constat\u00f3 el desarrollo de la jornada con la amplia y responsable participaci\u00f3n del magisterio, personal educativo de los diferentes niveles de instituciones p\u00fablicas y privadas con apego a los protocolos sanitarios establecidos. Posteriormente, recorri\u00f3 el centro de vacunaci\u00f3n del Instituto Tecnol\u00f3gico de Oaxaca (ITO).<\/p>\n\n\n\n<p>De manera simult\u00e1nea, ayer 12 de enero se realiz\u00f3 la aplicaci\u00f3n del biol\u00f3gico de refuerzo adem\u00e1s de la ciudad de Oaxaca, en San Juan Bautista Tuxtepec y Juchit\u00e1n de Zaragoza. En tanto, para este jueves 13 iniciar\u00e1 el proceso en sedes ubicadas en Putla Villa de Guerrero, Ixtl\u00e1n de Ju\u00e1rez, Loma Bonita, Huajuapan de Le\u00f3n, Huautla de Jim\u00e9nez y Ciudad Ixtepec.<\/p>\n\n\n\n<p>Asimismo, Santiago Juxtlahuaca (\u00fanico d\u00eda), Mat\u00edas Romero, Santiago Pinotepa Nacional, San Pedro Pochutla, San Pedro Mixtepec, Teotitl\u00e1n de Flores Mag\u00f3n, Heroica Ciudad de Tlaxiaco, Miahuatl\u00e1n de Porfirio D\u00edaz y San Pedro y San Pablo Ayutla. En total se instalan 19 puntos de vacunaci\u00f3n para la aplicaci\u00f3n de 107 mil dosis a todo el personal educativo, durante tres d\u00edas.<\/p>\n\n\n\n<p>El Encargado de Despacho del IEEPO reconoci\u00f3 el compromiso del personal educativo y les convoc\u00f3 a continuar manteniendo las medidas de higiene para, entre todos, cuidarse ante las condiciones actuales que prevalecen por la pandemia sanitaria.<\/p>\n","protected":false},"excerpt":{"rendered":"<p>Redacci\u00f3n\/Zona Roja. Oaxaca de Ju\u00e1rez, Oax. 13 de enero de 2022.- Atendiendo la instrucci\u00f3n del&hellip;<\/p>\n","protected":false},"author":2,"featured_media":36403,"comment_status":"closed","ping_status":"open","sticky":false,"template":"","format":"standard","meta":{"_lmt_disableupdate":"","_lmt_disable":"","_jetpack_memberships_contains_paid_content":false,"footnotes":""},"categories":[109,46],"tags":[2837],"class_list":["post-36402","post","type-post","status-publish","format-standard","has-post-thumbnail","hentry","category-minuto-a-minuto","category-zona-blanca","tag-instituto-estatal-de-educacion-publica-de-oaxaca-ieepo"],"jetpack_featured_media_url":"https:\/\/zonaroja.com.mx\/wp-content\/uploads\/2022\/01\/07-IEEPO-ISTMO.jpg","jetpack_sharing_enabled":true,"_links":{"self":[{"href":"https:\/\/zonaroja.com.mx\/index.php?rest_route=\/wp\/v2\/posts\/36402","targetHints":{"allow":["GET"]}}],"collection":[{"href":"https:\/\/zonaroja.com.mx\/index.php?rest_route=\/wp\/v2\/posts"}],"about":[{"href":"https:\/\/zonaroja.com.mx\/index.php?rest_route=\/wp\/v2\/types\/post"}],"author":[{"embeddable":true,"href":"https:\/\/zonaroja.com.mx\/index.php?rest_route=\/wp\/v2\/users\/2"}],"replies":[{"embeddable":true,"href":"https:\/\/zonaroja.com.mx\/index.php?rest_route=%2Fwp%2Fv2%2Fcomments&post=36402"}],"version-history":[{"count":1,"href":"https:\/\/zonaroja.com.mx\/index.php?rest_route=\/wp\/v2\/posts\/36402\/revisions"}],"predecessor-version":[{"id":36404,"href":"https:\/\/zonaroja.com.mx\/index.php?rest_route=\/wp\/v2\/posts\/36402\/revisions\/36404"}],"wp:featuredmedia":[{"embeddable":true,"href":"https:\/\/zonaroja.com.mx\/index.php?rest_route=\/wp\/v2\/media\/36403"}],"wp:attachment":[{"href":"https:\/\/zonaroja.com.mx\/index.php?rest_route=%2Fwp%2Fv2%2Fmedia&parent=36402"}],"wp:term":[{"taxonomy":"category","embeddable":true,"href":"https:\/\/zonaroja.com.mx\/index.php?rest_route=%2Fwp%2Fv2%2Fcategories&post=36402"},{"taxonomy":"post_tag","embeddable":true,"href":"https:\/\/zonaroja.com.mx\/index.php?rest_route=%2Fwp%2Fv2%2Ftags&post=36402"}],"curies":[{"name":"wp","href":"https:\/\/api.w.org\/{rel}","templated":true}]}}