{"id":36405,"date":"2022-01-13T09:05:12","date_gmt":"2022-01-13T15:05:12","guid":{"rendered":"http:\/\/www.zonaroja.com.mx\/?p=36405"},"modified":"2022-01-13T09:05:14","modified_gmt":"2022-01-13T15:05:14","slug":"refuerza-edil-de-santa-lucia-del-camino-seguridad-y-servicios-publicos","status":"publish","type":"post","link":"https:\/\/zonaroja.com.mx\/?p=36405","title":{"rendered":"Refuerza edil de Santa Luc\u00eda del Camino seguridad y servicios p\u00fablicos"},"content":{"rendered":"\n<p>Redacci\u00f3n\/Zona Roja.<\/p>\n\n\n\n<p>Oaxaca de Ju\u00e1rez, Oax., 13 de enero de 2022.- El ayuntamiento de Santa Luc\u00eda del Camino encabezado por Juan Carlos Garc\u00eda M\u00e1rquez, ha trabajado desde el primer d\u00eda para mejorar la calidad de vida de las y los habitantes de tan importante municipio; es por ello, que se realizan acciones a favor del bienestar ciudadano.<\/p>\n\n\n\n<p>Entre lo m\u00e1s destacado, se encuentra el restablecimiento del servicio de recolecci\u00f3n de basura, para el cual actualmente operan cinco unidades, y se espera que, en un a\u00f1o, gracias a un financiamiento, tres de ellas pertenezcan al ayuntamiento, y as\u00ed brindar seguridad en la continuidad del servicio.<\/p>\n\n\n\n<p>Consciente de la importancia que tiene para la movilidad, Juan Carlos Garc\u00eda M\u00e1rquez instruy\u00f3 a la Conserjer\u00eda Municipal labores para la mejora de calles y avenidas de acceso a Santa Luc\u00eda del Camino, dando prioridad a las vialidades en mal estado; esto para seguridad vial de peatones,&nbsp;&nbsp; automovilistas, motociclistas y ciclistas.<\/p>\n\n\n\n<p>En un trabajo paralelo, las fuerzas de seguridad han dado cumplimiento a su servicio para la paz y tranquilidad de los ciudadanos, realizando recorridos en motopatrullas y camionetas policiales, en calles y agencias de Santa Luc\u00eda del Camino, esto con la intenci\u00f3n de prevenir la comisi\u00f3n de delitos en comercios y de proximidad social.<\/p>\n\n\n\n<p>Con estas acciones, Juan Carlos Garc\u00eda M\u00e1rquez sigue cumpliendo con su promesa de trabajar por el bienestar de los vecinos de Santa Luc\u00eda del Camino, a quienes les asegur\u00f3 continuar con los resultados y no esperar hasta el final de su administraci\u00f3n para responder al pueblo que deposit\u00f3 su confianza en \u00e9l.<\/p>\n","protected":false},"excerpt":{"rendered":"<p>Redacci\u00f3n\/Zona Roja. Oaxaca de Ju\u00e1rez, Oax., 13 de enero de 2022.- El ayuntamiento de Santa&hellip;<\/p>\n","protected":false},"author":2,"featured_media":36406,"comment_status":"closed","ping_status":"open","sticky":false,"template":"","format":"standard","meta":{"_lmt_disableupdate":"","_lmt_disable":"","_jetpack_memberships_contains_paid_content":false,"footnotes":""},"categories":[109,46],"tags":[2533],"class_list":["post-36405","post","type-post","status-publish","format-standard","has-post-thumbnail","hentry","category-minuto-a-minuto","category-zona-blanca","tag-juan-carlos-garcia-marquez"],"jetpack_featured_media_url":"https:\/\/zonaroja.com.mx\/wp-content\/uploads\/2022\/01\/Pavimentacion-Santa-Lucia-del-Camino.jpg","jetpack_sharing_enabled":true,"_links":{"self":[{"href":"https:\/\/zonaroja.com.mx\/index.php?rest_route=\/wp\/v2\/posts\/36405","targetHints":{"allow":["GET"]}}],"collection":[{"href":"https:\/\/zonaroja.com.mx\/index.php?rest_route=\/wp\/v2\/posts"}],"about":[{"href":"https:\/\/zonaroja.com.mx\/index.php?rest_route=\/wp\/v2\/types\/post"}],"author":[{"embeddable":true,"href":"https:\/\/zonaroja.com.mx\/index.php?rest_route=\/wp\/v2\/users\/2"}],"replies":[{"embeddable":true,"href":"https:\/\/zonaroja.com.mx\/index.php?rest_route=%2Fwp%2Fv2%2Fcomments&post=36405"}],"version-history":[{"count":1,"href":"https:\/\/zonaroja.com.mx\/index.php?rest_route=\/wp\/v2\/posts\/36405\/revisions"}],"predecessor-version":[{"id":36407,"href":"https:\/\/zonaroja.com.mx\/index.php?rest_route=\/wp\/v2\/posts\/36405\/revisions\/36407"}],"wp:featuredmedia":[{"embeddable":true,"href":"https:\/\/zonaroja.com.mx\/index.php?rest_route=\/wp\/v2\/media\/36406"}],"wp:attachment":[{"href":"https:\/\/zonaroja.com.mx\/index.php?rest_route=%2Fwp%2Fv2%2Fmedia&parent=36405"}],"wp:term":[{"taxonomy":"category","embeddable":true,"href":"https:\/\/zonaroja.com.mx\/index.php?rest_route=%2Fwp%2Fv2%2Fcategories&post=36405"},{"taxonomy":"post_tag","embeddable":true,"href":"https:\/\/zonaroja.com.mx\/index.php?rest_route=%2Fwp%2Fv2%2Ftags&post=36405"}],"curies":[{"name":"wp","href":"https:\/\/api.w.org\/{rel}","templated":true}]}}