{"id":36408,"date":"2022-01-13T09:12:46","date_gmt":"2022-01-13T15:12:46","guid":{"rendered":"http:\/\/www.zonaroja.com.mx\/?p=36408"},"modified":"2022-01-13T09:12:51","modified_gmt":"2022-01-13T15:12:51","slug":"opinion-pri-en-oaxaca-ubicar-las-expectativas-mas-alla-de-la-gubernatura","status":"publish","type":"post","link":"https:\/\/zonaroja.com.mx\/?p=36408","title":{"rendered":"Opini\u00f3n. PRI en Oaxaca: ubicar las expectativas m\u00e1s all\u00e1 de la gubernatura"},"content":{"rendered":"\n<p>Adri\u00e1n Ortiz Romero Cuevas<\/p>\n\n\n\n<p>En la fecha l\u00edmite establecida por la ley, el Comit\u00e9 Ejecutivo Nacional del PRI emiti\u00f3 la convocatoria para la selecci\u00f3n y postulaci\u00f3n de su candidata o candidato a la gubernatura del Estado de Oaxaca.<\/p>\n\n\n\n<p>Lo hizo para cumplir el requisito y, pareciera, lo hizo m\u00e1s por asumir el compromiso que porque verdaderamente exista una expectativa electoral favorable a la causa priista en la entidad.<\/p>\n\n\n\n<p>Del propio documento se desprenden algunas premisas que apuntan a que al PRI le preocupa Oaxaca, pero no por lo que pase en el presente a\u00f1o, sino en el mediano y largo plazo.<\/p>\n\n\n\n<p>En efecto, la convocatoria lanzada el lunes no contiene ninguna sorpresa: establece el procedimiento para el registro de candidaturas, los requisitos que deben cumplir los y las aspirantes, y los plazos en que se desahogar\u00e1n las fases de una eventual precampa\u00f1a, hasta la posible realizaci\u00f3n de la convenci\u00f3n de delegados, que ocurrir\u00eda el 10 de febrero para definir qui\u00e9n ser\u00e1 el abanderado priista a la gubernatura del estado.<\/p>\n\n\n\n<p>Todo se basa en supuestos, porque en la convocatoria tambi\u00e9n se establece la posibilidad \u2014potencial\u2014 de que se registre un solo aspirante como precandidato, y \u00e9ste sea declarado como \u00fanico. En tal caso se pasar\u00eda directamente a la fase de precampa\u00f1a \u2014que durar\u00eda veinte d\u00edas, del 20 de enero al 10 de febrero\u2014; de ah\u00ed a la declaratoria de validez del proceso interno. Y la Convenci\u00f3n de Delegados servir\u00eda \u00fanicamente para llevar a cabo la entrega de la constancia de candidatura \u201cen la que se ratificar\u00e1 \u2014dice la convocatoria\u2014 la candidatura en votaci\u00f3n econ\u00f3mica sin la necesidad de qu\u00f3rum de los convencionistas\u201d. Evidentemente, dicho acto ser\u00eda, sobre todo, la ratificaci\u00f3n pol\u00edtica y la presentaci\u00f3n p\u00fablica del ya ungido candidato priista.<\/p>\n\n\n\n<p>\u00bfPor qu\u00e9 hablar de supuestos? Porque, por un lado, ha quedado claro que el PRI tiene un abanico bastante reducido de opciones para la elecci\u00f3n de su posible abanderado y muy pocos br\u00edos para realizar, entre su militancia, una precampa\u00f1a que pueda generar alguna expectativa de revitalizaci\u00f3n de sus filas; y porque, en el otro extremo, las miras de la c\u00fapula priista en realidad parecen estar puestas en un momento posterior: el proceso electoral de 2024.<\/p>\n\n\n\n<p>Si se considera que constitucionalmente los partidos pol\u00edticos son el mecanismo pr\u00e1cticamente \u00fanico de acceso a los cargos de elecci\u00f3n popular \u2014pues las candidaturas independientes siguen siendo una aspiraci\u00f3n en el sureste mexicano\u2014, y que todo ello quedar\u00e1 reservado para 2024 \u2014porque la elecci\u00f3n del presente a\u00f1o es s\u00f3lo de Gobernador\u2014, entonces la preocupaci\u00f3n de fondo en la c\u00fapula del tricolor es qui\u00e9n, o qu\u00e9 grupo pol\u00edtico, heredar\u00e1 o mantendr\u00e1 el control del membrete priista m\u00e1s all\u00e1 del 2022.<\/p>\n\n\n\n<p>A todos les queda claro que, a estas alturas, la elecci\u00f3n de este a\u00f1o es un proceso descontado, al menos para el tricolor. Entre lo formal y lo f\u00e1ctico, es evidente que todos los intereses y las expectativas est\u00e1n puestas en el proceso interno de otro partido \u2014Morena\u2014 para la definici\u00f3n de su candidato, y que incluso ya hay un n\u00famero importante de priistas \u2014muchos de esos que, hasta hace poco, sosten\u00edan tener una militancia arraigada hasta la m\u00e9dula\u2014 que tienen los ojos puestos en lo que ocurra alrededor de la disputa entre Salom\u00f3n Jara y Susana Harp por la candidatura morenista a la gubernatura, para ofrecer el mismo humo de la ingenier\u00eda y las supuestas estructuras electorales, gracias a los que obtuvieron cargos y prebendas en los tiempos de bonanza priista.<\/p>\n\n\n\n<p>Y es que, en realidad, entre ellos la militancia se diluye y la codicia por los cargos domina, porque tampoco hay tanto qu\u00e9 negociar \u2014y qu\u00e9 repartir\u2014 dentro del tricolor, ya que en el presente a\u00f1o s\u00f3lo una candidatura ir\u00e1 a la boleta, y esa ya la tienen perdida. Ninguna encuesta da al menos un viso de que las preferencias electorales en Oaxaca puedan cambiar entre enero y junio pr\u00f3ximo; y ning\u00fan aspirante tricolor parece tener la chispa y el empuje necesario entre la ciudadan\u00eda como para advertir al menos la posibilidad de un viraje, e incluso de una elecci\u00f3n competida con cualquiera que resulte el candidato de Morena.<\/p>\n\n\n\n<p>LA HERENCIA<\/p>\n\n\n\n<p>Existen algunas premisas que valdr\u00eda la pena validar, en el contexto de la definici\u00f3n de una posible candidatura \u00fanica. Una de ellas \u2014advertida denodadamente hasta hace no tanto tiempo por la facci\u00f3n priista que comanda el diputado Alejandro Avil\u00e9s\u2014, es que independientemente de qui\u00e9n fuera el aspirante favorito de la c\u00fapula priista, ellos ten\u00edan el control de la mayor\u00eda de los integrantes registrados para participar en la Convenci\u00f3n de Delegados, y que por ello cualquier definici\u00f3n cupular tendr\u00eda que pasar por una negociaci\u00f3n con ellos.<\/p>\n\n\n\n<p>En el supuesto, \u00bflos integrantes de ese grupo tendr\u00edan a\u00fan el combustible suficiente para manipular la Convenci\u00f3n de Delegados, al grado de contrariar a quienes realmente toman las decisiones desde lo m\u00e1s alto de la c\u00fapula priista de Oaxaca, y del pa\u00eds?<\/p>\n\n\n\n<p>Otra premisa que habr\u00eda que validar, es si quien se convierta en candidato a Gobernador ser\u00e1 quien luego herede la titularidad del PRI oaxaque\u00f1o. Eso fue justo lo que ocurri\u00f3 en 2010 luego de que el PRI perdiera la gubernatura de Oaxaca por primera ocasi\u00f3n. El entonces derrotado candidato priista Eviel P\u00e9rez Maga\u00f1a fue quien hered\u00f3 el control del membrete tricolor, y vaya que \u00e9l \u2014y s\u00f3lo \u00e9l\u2014 le sac\u00f3 provecho a la derrota: en los a\u00f1os siguientes fue dirigente priista, Senador de la Rep\u00fablica y aspirante a la gubernatura en 2016, para luego brincar a la entonces Secretar\u00eda de Desarrollo Social como subsecretario \u2014gracias a la negociaci\u00f3n para que claudicara en su aspiraci\u00f3n a la gubernatura\u2014, y finalmente ocupar la titularidad de esa Secretar\u00eda de Estado en el \u00faltimo tramo del gobierno del presidente Enrique Pe\u00f1a Nieto.<\/p>\n\n\n\n<p>Con ese antecedente, es claro que quien sea ungido como abanderado en 2022 ser\u00e1 quien se quede con la herencia del priismo oaxaque\u00f1o. Y es evidente que, aun perdiendo la gubernatura, el actual grupo dominante no querr\u00e1 perder la puerta de acceso a los cargos p\u00fablicos a trav\u00e9s de la dirigencia priista oaxaque\u00f1a. Por eso, se habla con tanta insistencia de que Germ\u00e1n Espinosa Santib\u00e1\u00f1ez es el m\u00e1s viable para convertirse en candidato del tricolor; no porque tenga carisma o arrastre entre la militancia, o porque pueda ser el m\u00e1s carism\u00e1tico de los aspirantes a la gubernatura \u2014sin calificar si lo es o no, porque su medici\u00f3n cualitativa y cuantitativa como candidato, ocurrir\u00e1 en los meses pr\u00f3ximos\u2014, sino porque es un integrante org\u00e1nico, y de toda la confianza, del actual grupo gobernante, a quien s\u00ed le pueden encargar esa herencia sin el riesgo de que pretenda una ruta independiente, o traicionarlos.<\/p>\n\n\n\n<p>Las miras est\u00e1n puestas en 2024. Entienden el desgaste natural del Presidente de la Rep\u00fablica. Saben que para entonces Andr\u00e9s Manuel L\u00f3pez Obrador ser\u00e1 todo menos candidato. Y que eso plantea un escenario electoral distinto, en el que s\u00ed estar\u00e1n en juego todos los dem\u00e1s cargos: diputaciones locales y federales; las senadur\u00edas y un conjunto inmenso de presidencias municipales. Eso es lo que en Oaxaca nadie quiere perder. Y es lo que, nada m\u00e1s y nada menos, est\u00e1 en juego en la definici\u00f3n actual del abanderado priista.<\/p>\n\n\n\n<p>EPITAFIO<\/p>\n\n\n\n<p>Antier y ayer hubo reuniones en la Ciudad de M\u00e9xico. Ya se tir\u00f3 la l\u00ednea desde la m\u00e1s alta c\u00fapula priista. Y s\u00f3lo falta que todo eso se materialice en cambios en el gabinete y los anuncios respectivos.<\/p>\n\n\n\n<p>http:\/\/columnaalmargen.mx<\/p>\n\n\n\n<p>@ortizromeroc<\/p>\n\n\n\n<p>@columnaalmargen<\/p>\n","protected":false},"excerpt":{"rendered":"<p>Adri\u00e1n Ortiz Romero Cuevas En la fecha l\u00edmite establecida por la ley, el Comit\u00e9 Ejecutivo&hellip;<\/p>\n","protected":false},"author":2,"featured_media":36076,"comment_status":"closed","ping_status":"open","sticky":false,"template":"","format":"standard","meta":{"_lmt_disableupdate":"","_lmt_disable":"","_jetpack_memberships_contains_paid_content":false,"footnotes":""},"categories":[456,109],"tags":[2994],"class_list":["post-36408","post","type-post","status-publish","format-standard","has-post-thumbnail","hentry","category-columna","category-minuto-a-minuto","tag-adrian-ortiz-romero-cuevas"],"jetpack_featured_media_url":"https:\/\/zonaroja.com.mx\/wp-content\/uploads\/2022\/01\/Adrian-Ortiz-Romero.jpeg","jetpack_sharing_enabled":true,"_links":{"self":[{"href":"https:\/\/zonaroja.com.mx\/index.php?rest_route=\/wp\/v2\/posts\/36408","targetHints":{"allow":["GET"]}}],"collection":[{"href":"https:\/\/zonaroja.com.mx\/index.php?rest_route=\/wp\/v2\/posts"}],"about":[{"href":"https:\/\/zonaroja.com.mx\/index.php?rest_route=\/wp\/v2\/types\/post"}],"author":[{"embeddable":true,"href":"https:\/\/zonaroja.com.mx\/index.php?rest_route=\/wp\/v2\/users\/2"}],"replies":[{"embeddable":true,"href":"https:\/\/zonaroja.com.mx\/index.php?rest_route=%2Fwp%2Fv2%2Fcomments&post=36408"}],"version-history":[{"count":1,"href":"https:\/\/zonaroja.com.mx\/index.php?rest_route=\/wp\/v2\/posts\/36408\/revisions"}],"predecessor-version":[{"id":36409,"href":"https:\/\/zonaroja.com.mx\/index.php?rest_route=\/wp\/v2\/posts\/36408\/revisions\/36409"}],"wp:featuredmedia":[{"embeddable":true,"href":"https:\/\/zonaroja.com.mx\/index.php?rest_route=\/wp\/v2\/media\/36076"}],"wp:attachment":[{"href":"https:\/\/zonaroja.com.mx\/index.php?rest_route=%2Fwp%2Fv2%2Fmedia&parent=36408"}],"wp:term":[{"taxonomy":"category","embeddable":true,"href":"https:\/\/zonaroja.com.mx\/index.php?rest_route=%2Fwp%2Fv2%2Fcategories&post=36408"},{"taxonomy":"post_tag","embeddable":true,"href":"https:\/\/zonaroja.com.mx\/index.php?rest_route=%2Fwp%2Fv2%2Ftags&post=36408"}],"curies":[{"name":"wp","href":"https:\/\/api.w.org\/{rel}","templated":true}]}}