{"id":3641,"date":"2019-09-03T16:21:40","date_gmt":"2019-09-03T21:21:40","guid":{"rendered":"http:\/\/www.zonaroja.com.mx\/?p=3641"},"modified":"2019-09-03T16:21:42","modified_gmt":"2019-09-03T21:21:42","slug":"piden-a-paristas-del-ieea-no-afectar-labores-de-alfabetizacion","status":"publish","type":"post","link":"https:\/\/zonaroja.com.mx\/?p=3641","title":{"rendered":"Piden a paristas del IEEA no afectar labores de alfabetizaci\u00f3n"},"content":{"rendered":"\n<p>Redacci\u00f3n\/Zona\nRoja. <\/p>\n\n\n\n<p>Oaxaca de\nJu\u00e1rez, Oax., 3 de septiembre de 2019.- Un grupo de trabajadores sindicalizados\ndel Instituto Estatal de Educaci\u00f3n para Adultos (IEEA) cerr\u00f3 las oficinas\ncentrales en la capital del estado, para exigir atenci\u00f3n a sus demandas\nlaborales.<\/p>\n\n\n\n<p>Tras ello, la\ndirectora general, M\u00edriam Pilar Liborio Hern\u00e1ndez, los invit\u00f3 encauzar sus\ndemandas por las v\u00edas pac\u00edficas y de di\u00e1logo, sin afectar el proceso de\nalfabetizaci\u00f3n que es de suma importancia para el estado.<\/p>\n\n\n\n<p>Asimismo, reiter\u00f3\nsu disposici\u00f3n al di\u00e1logo, a los acuerdos y al trabajo responsable coordinado,\nque debe imperar en una instituci\u00f3n que tiene como objetivo brindar servicios\nde alfabetizaci\u00f3n, educaci\u00f3n primaria y secundaria, para que j\u00f3venes y adultos\nincrementen sus capacidades, eleven su calidad de vida y contribuyan a una\nsociedad m\u00e1s justa y equitativa.<\/p>\n\n\n\n<p>No obstante el\nrecorte presupuestal que tuvo el IEEA, en este a\u00f1o se atiende y da respuesta a\nlas peticiones que los trabajadores del sindicato federal demandan, sostuvo,\nLiborio Hern\u00e1ndez, quien tambi\u00e9n afirm\u00f3 que la atenci\u00f3n y los servicios est\u00e1n\nen curso y solo las coordinaciones administrativas resultaron afectadas con\nesta manifestaci\u00f3n.<\/p>\n\n\n\n<p>La\nfuncionaria, asever\u00f3&nbsp; que el IEEA es\nrespetuoso del contrato colectivo de trabajo, y puntualiz\u00f3 que&nbsp; se han encabezado mesas de trabajo y de\ndi\u00e1logo para responder a los planteamientos que realizan&nbsp; los trabajadores en la medida que el recurso\ndel estado lo permita en un manejo eficaz y transparente, toda vez que la\nprioridad siempre ser\u00e1 abatir el rezago educativo en la entidad.<\/p>\n\n\n\n<p>Lament\u00f3 que\na pesar de las respuestas que se otorgan a los agremiados del sindicato federal,\nse lleven a cabo protestas, toda vez que tambi\u00e9n fueron informados y conocen de\nlas estrategias para alfabetizar y de las acciones que se llevar\u00e1n a cabo a\ntrav\u00e9s de una jornada que pr\u00f3ximamente se pondr\u00e1 en marcha y que est\u00e1 dirigido\na personas que no han concluido o han abandonado sus estudios, encontr\u00e1ndose\ninactivos o dados de baja.<\/p>\n\n\n\n<p>Tambi\u00e9n\nindic\u00f3 que se acord\u00f3 con el secretario general de la gremial, Hiram L\u00f3pez\nCarrasco, responder a las demandas sindicales en plazos responsables que eviten\nafectar el proceso de alfabetizaci\u00f3n que se lleva a cabo en el estado.<\/p>\n","protected":false},"excerpt":{"rendered":"<p>Redacci\u00f3n\/Zona Roja. Oaxaca de Ju\u00e1rez, Oax., 3 de septiembre de 2019.- Un grupo de trabajadores&hellip;<\/p>\n","protected":false},"author":2,"featured_media":3643,"comment_status":"closed","ping_status":"open","sticky":false,"template":"","format":"standard","meta":{"_lmt_disableupdate":"","_lmt_disable":"","_jetpack_memberships_contains_paid_content":false,"footnotes":""},"categories":[109,1,47],"tags":[661],"class_list":["post-3641","post","type-post","status-publish","format-standard","has-post-thumbnail","hentry","category-minuto-a-minuto","category-sin-categoria","category-zona-gris","tag-instituto-estatal-de-educacion-para-adultos"],"jetpack_featured_media_url":"https:\/\/zonaroja.com.mx\/wp-content\/uploads\/2019\/09\/PHOTO-2019-09-03-14-43-42.jpg","jetpack_sharing_enabled":true,"_links":{"self":[{"href":"https:\/\/zonaroja.com.mx\/index.php?rest_route=\/wp\/v2\/posts\/3641","targetHints":{"allow":["GET"]}}],"collection":[{"href":"https:\/\/zonaroja.com.mx\/index.php?rest_route=\/wp\/v2\/posts"}],"about":[{"href":"https:\/\/zonaroja.com.mx\/index.php?rest_route=\/wp\/v2\/types\/post"}],"author":[{"embeddable":true,"href":"https:\/\/zonaroja.com.mx\/index.php?rest_route=\/wp\/v2\/users\/2"}],"replies":[{"embeddable":true,"href":"https:\/\/zonaroja.com.mx\/index.php?rest_route=%2Fwp%2Fv2%2Fcomments&post=3641"}],"version-history":[{"count":1,"href":"https:\/\/zonaroja.com.mx\/index.php?rest_route=\/wp\/v2\/posts\/3641\/revisions"}],"predecessor-version":[{"id":3642,"href":"https:\/\/zonaroja.com.mx\/index.php?rest_route=\/wp\/v2\/posts\/3641\/revisions\/3642"}],"wp:featuredmedia":[{"embeddable":true,"href":"https:\/\/zonaroja.com.mx\/index.php?rest_route=\/wp\/v2\/media\/3643"}],"wp:attachment":[{"href":"https:\/\/zonaroja.com.mx\/index.php?rest_route=%2Fwp%2Fv2%2Fmedia&parent=3641"}],"wp:term":[{"taxonomy":"category","embeddable":true,"href":"https:\/\/zonaroja.com.mx\/index.php?rest_route=%2Fwp%2Fv2%2Fcategories&post=3641"},{"taxonomy":"post_tag","embeddable":true,"href":"https:\/\/zonaroja.com.mx\/index.php?rest_route=%2Fwp%2Fv2%2Ftags&post=3641"}],"curies":[{"name":"wp","href":"https:\/\/api.w.org\/{rel}","templated":true}]}}