{"id":36416,"date":"2022-01-13T16:25:24","date_gmt":"2022-01-13T22:25:24","guid":{"rendered":"http:\/\/www.zonaroja.com.mx\/?p=36416"},"modified":"2022-01-13T16:25:29","modified_gmt":"2022-01-13T22:25:29","slug":"agresivos-y-sin-justificacion-normalistas-toman-camiones-agreden-a-prensa","status":"publish","type":"post","link":"https:\/\/zonaroja.com.mx\/?p=36416","title":{"rendered":"Agresivos y sin justificaci\u00f3n normalistas \u201ctoman\u201d camiones; agreden a prensa"},"content":{"rendered":"\n<p>Yuridiana Sosa\/Zona Roja.<\/p>\n\n\n\n<p>Oaxaca de Ju\u00e1rez, Oax., 13 de enero de 2022.- Empujones, gritos, incitaci\u00f3n a la violencia y cerraz\u00f3n fueron parte de la movilizaci\u00f3n de los normalistas oaxaque\u00f1os este jueves, durante la retenci\u00f3n de unidades del transporte p\u00fablico en las instalaciones de la Centro Regional de Educaci\u00f3n Normal de Oaxaca (CRENO), en la capital.<\/p>\n\n\n\n<p>M\u00e1s all\u00e1 de un cubrebocas, los estudiantes se cubrieron la mayor parte del rostro con pa\u00f1uelos, capuchas, lentes, gorras y gorros de sudaderas para evitar ser identificados en caso de cometer actos violentos.<\/p>\n\n\n\n<p>Se mantuvieron a la ofensiva y agresivos con los trabajadores de los medios de comunicaci\u00f3n, a quienes empujaron, para evitar que tomaran evidencias.<\/p>\n\n\n\n<p>\u201c\u00a1T\u00edrale wey!\u201d, azuzaba un estudiante desde el interior del CRENO a uno de los elementos de la Polic\u00eda Estatal de Oaxaca, quienes hicieron presencia para liberar siete unidades retenidas por los normalistas.&nbsp; Segundo despu\u00e9s, otro normalista lanz\u00f3 un cohet\u00f3n frente a los uniformados.<\/p>\n\n\n\n<p>Antes del mediod\u00eda de este jueves los estudiantes comenzaron con la detenci\u00f3n de camiones para el transporte de j\u00f3venes a las instalaciones de la escuela ubicada sobre calzada San Felipe, al norte de la capital, aunque no informaron las razones de la movilizaci\u00f3n.<\/p>\n\n\n\n<p>La vialidad, una de las m\u00e1s importantes para conectar a la zona norte, qued\u00f3 bloqueada por los estudiantes, quienes realizaron una valla humana para cubrir a los camiones retenidos, primero estacionados sobre la calle, frente a la escuela.<\/p>\n\n\n\n<figure class=\"wp-block-embed is-type-rich is-provider-twitter wp-block-embed-twitter\"><div class=\"wp-block-embed__wrapper\">\n<div class=\"twitter-tweet\"><blockquote class=\"twitter-tweet\" data-lang=\"es\"><p lang=\"es\" dir=\"ltr\"><a href=\"https:\/\/twitter.com\/hashtag\/ENVIVO?src=hash&amp;ref_src=twsrc%5Etfw\">#ENVIVO<\/a> <br>Oaxaca de Ju\u00e1rez, Oax., 12 de enero de 2022.-Estudiantes normalistas \u201ctoman\u201d al menos siete autobuses; bloquean la calzada San Felipe de la capital; llega la Polic\u00eda Estatal y la PABIC;intenso di\u00e1logo y resistencia de estudiantes. <br>Transmisi\u00f3n:<br>\ud83d\udc47<a href=\"https:\/\/t.co\/FzjF1NTNcv\">https:\/\/t.co\/FzjF1NTNcv<\/a> <a href=\"https:\/\/t.co\/0MAecdWLpd\">pic.twitter.com\/0MAecdWLpd<\/a><\/p>&mdash; Zona Roja Oaxaca (@Zona_Roja_Oax) <a href=\"https:\/\/twitter.com\/Zona_Roja_Oax\/status\/1481695675985412102?ref_src=twsrc%5Etfw\">13 de enero de 2022<\/a><\/blockquote><\/div>\n<\/div><\/figure>\n\n\n\n<p>POLIC\u00cdA DIALOGA<\/p>\n\n\n\n<p>Al lugar arrib\u00f3 el director de la Polic\u00eda Auxiliar Bancaria, Industrial y Comercial (PABIC), Jonathan Galv\u00e1n, junto con el Comisionado de la Polic\u00eda Estatal, Ra\u00fal Castillejos, para dialogar con los normalistas y liberar las unidades y la vialidad.<\/p>\n\n\n\n<p>Pero la cerraz\u00f3n prevaleci\u00f3 en los estudiantes y a toda medida buscaban victimizarse ante la presencia de los elementos, argumentando que hab\u00edan sido apuntados con las armas.<\/p>\n\n\n\n<p>En esta ocasi\u00f3n, la voluntad de mantener el orden y evitar mayor tensi\u00f3n se mantuvo por parte de la Polic\u00eda del Estado, accediendo primero a dar tiempo a que los normalistas se organizaron para la liberaci\u00f3n de urbanos.<\/p>\n\n\n\n<p>Despu\u00e9s, accedi\u00f3 a que dos camiones m\u00e1s arribar\u00e1n hasta el acceso de la escuela para descender a los estudiantes que trasladaba, hasta orden\u00f3 el repliegue de los uniformados y que los camiones se quedaran estacionados afuera de la escuela, sin embargo, los normalistas rompieron con el acuerdo de no ingresar las unidades al plantel.<\/p>\n\n\n\n<p>El Comisionado se\u00f1al\u00f3 que en ocasiones pasadas hab\u00eda reiterado a los estudiantes que hab\u00eda disposici\u00f3n de una empresa de transporte de ofrecer sus servicios de traslado a fin de evitar retenci\u00f3n de camiones, por lo que no hab\u00eda motivos para que este d\u00eda volvieran a incurrir en esa falta.<\/p>\n\n\n\n<p>Luego de casi una hora de tensi\u00f3n, los normalistas ingresaron al plantel, sin registrarse mayores incidentes.<\/p>\n","protected":false},"excerpt":{"rendered":"<p>Yuridiana Sosa\/Zona Roja. Oaxaca de Ju\u00e1rez, Oax., 13 de enero de 2022.- Empujones, gritos, incitaci\u00f3n&hellip;<\/p>\n","protected":false},"author":2,"featured_media":36417,"comment_status":"closed","ping_status":"open","sticky":false,"template":"","format":"standard","meta":{"_lmt_disableupdate":"","_lmt_disable":"","_jetpack_memberships_contains_paid_content":false,"footnotes":""},"categories":[109,47],"tags":[],"class_list":["post-36416","post","type-post","status-publish","format-standard","has-post-thumbnail","hentry","category-minuto-a-minuto","category-zona-gris"],"jetpack_featured_media_url":"https:\/\/zonaroja.com.mx\/wp-content\/uploads\/2022\/01\/Normalistas-y-policias-CRENO.jpg","jetpack_sharing_enabled":true,"_links":{"self":[{"href":"https:\/\/zonaroja.com.mx\/index.php?rest_route=\/wp\/v2\/posts\/36416","targetHints":{"allow":["GET"]}}],"collection":[{"href":"https:\/\/zonaroja.com.mx\/index.php?rest_route=\/wp\/v2\/posts"}],"about":[{"href":"https:\/\/zonaroja.com.mx\/index.php?rest_route=\/wp\/v2\/types\/post"}],"author":[{"embeddable":true,"href":"https:\/\/zonaroja.com.mx\/index.php?rest_route=\/wp\/v2\/users\/2"}],"replies":[{"embeddable":true,"href":"https:\/\/zonaroja.com.mx\/index.php?rest_route=%2Fwp%2Fv2%2Fcomments&post=36416"}],"version-history":[{"count":1,"href":"https:\/\/zonaroja.com.mx\/index.php?rest_route=\/wp\/v2\/posts\/36416\/revisions"}],"predecessor-version":[{"id":36418,"href":"https:\/\/zonaroja.com.mx\/index.php?rest_route=\/wp\/v2\/posts\/36416\/revisions\/36418"}],"wp:featuredmedia":[{"embeddable":true,"href":"https:\/\/zonaroja.com.mx\/index.php?rest_route=\/wp\/v2\/media\/36417"}],"wp:attachment":[{"href":"https:\/\/zonaroja.com.mx\/index.php?rest_route=%2Fwp%2Fv2%2Fmedia&parent=36416"}],"wp:term":[{"taxonomy":"category","embeddable":true,"href":"https:\/\/zonaroja.com.mx\/index.php?rest_route=%2Fwp%2Fv2%2Fcategories&post=36416"},{"taxonomy":"post_tag","embeddable":true,"href":"https:\/\/zonaroja.com.mx\/index.php?rest_route=%2Fwp%2Fv2%2Ftags&post=36416"}],"curies":[{"name":"wp","href":"https:\/\/api.w.org\/{rel}","templated":true}]}}