{"id":36425,"date":"2022-01-13T20:45:06","date_gmt":"2022-01-14T02:45:06","guid":{"rendered":"http:\/\/www.zonaroja.com.mx\/?p=36425"},"modified":"2022-01-13T20:45:08","modified_gmt":"2022-01-14T02:45:08","slug":"por-cuarta-ola-de-covid-sso-pide-a-autoridades-municipales-evitar-actos-masivos","status":"publish","type":"post","link":"https:\/\/zonaroja.com.mx\/?p=36425","title":{"rendered":"Por cuarta ola de Covid, SSO pide a autoridades municipales evitar actos masivos"},"content":{"rendered":"\n<p>Yuridiana Sosa\/Zona Roja.<\/p>\n\n\n\n<p>Oaxaca de Ju\u00e1rez, Oax., 13 de enero de 2022.- Con m\u00e1s de 600 nuevos casos de Covid-19 en el transcurso de 24 horas en la entidad, los Servicios de Salud de Oaxaca emitieron un llamado a las 570 autoridades municipales para aplicar acciones que ayuden a frenar el crecimiento de la cuarta ola en el estado.<\/p>\n\n\n\n<p>Ante el creciente n\u00famero de contagios, exhort\u00f3 a mantener los protocolos ante la pandemia para garantizar la salud de los ciudadanos, a pesar que el sem\u00e1foro de riesgo para Oaxaca sea verde.<\/p>\n\n\n\n<p>Reconoci\u00f3 el acelerado incremento de casos en los \u00faltimos d\u00edas, lo que tambi\u00e9n podr\u00eda implicar un retroceso en el sem\u00e1foro epidemiol\u00f3gico, lo que significa la aplicaci\u00f3n de medidas m\u00e1s r\u00edgidas.<\/p>\n\n\n\n<p>\u201cPor las razones antes mencionadas se les reitera que no existen las condiciones de salubridad necesarias que permitan la realizaci\u00f3n de actos que impliquen la reuni\u00f3n masiva de personas en espacios cerrados o en espacios abiertos cuando no se pueda mantener la sana distancia durante el tiempo que dure la declaratoria de la epidemia por Covid\u201d, mencion\u00f3 la autoridad de salud en Oaxaca.<\/p>\n\n\n\n<p>El llamado tambi\u00e9n fue para la poblaci\u00f3n en general, a la que reiter\u00f3 que es indispensable mantener las medidas de sana distancia, lavado continuo de manos continua, uso de gel al 70 por ciento de alcohol y uso correcto del cubrebocas.<\/p>\n","protected":false},"excerpt":{"rendered":"<p>Yuridiana Sosa\/Zona Roja. Oaxaca de Ju\u00e1rez, Oax., 13 de enero de 2022.- Con m\u00e1s de&hellip;<\/p>\n","protected":false},"author":2,"featured_media":36419,"comment_status":"closed","ping_status":"open","sticky":false,"template":"","format":"standard","meta":{"_lmt_disableupdate":"","_lmt_disable":"","_jetpack_memberships_contains_paid_content":false,"footnotes":""},"categories":[109,46],"tags":[1005],"class_list":["post-36425","post","type-post","status-publish","format-standard","has-post-thumbnail","hentry","category-minuto-a-minuto","category-zona-blanca","tag-servicios-de-salud-de-oaxaca-sso"],"jetpack_featured_media_url":"https:\/\/zonaroja.com.mx\/wp-content\/uploads\/2022\/01\/13-de-enero-2022-Exhorto-a-la-poblacion-03.jpg","jetpack_sharing_enabled":true,"_links":{"self":[{"href":"https:\/\/zonaroja.com.mx\/index.php?rest_route=\/wp\/v2\/posts\/36425","targetHints":{"allow":["GET"]}}],"collection":[{"href":"https:\/\/zonaroja.com.mx\/index.php?rest_route=\/wp\/v2\/posts"}],"about":[{"href":"https:\/\/zonaroja.com.mx\/index.php?rest_route=\/wp\/v2\/types\/post"}],"author":[{"embeddable":true,"href":"https:\/\/zonaroja.com.mx\/index.php?rest_route=\/wp\/v2\/users\/2"}],"replies":[{"embeddable":true,"href":"https:\/\/zonaroja.com.mx\/index.php?rest_route=%2Fwp%2Fv2%2Fcomments&post=36425"}],"version-history":[{"count":1,"href":"https:\/\/zonaroja.com.mx\/index.php?rest_route=\/wp\/v2\/posts\/36425\/revisions"}],"predecessor-version":[{"id":36426,"href":"https:\/\/zonaroja.com.mx\/index.php?rest_route=\/wp\/v2\/posts\/36425\/revisions\/36426"}],"wp:featuredmedia":[{"embeddable":true,"href":"https:\/\/zonaroja.com.mx\/index.php?rest_route=\/wp\/v2\/media\/36419"}],"wp:attachment":[{"href":"https:\/\/zonaroja.com.mx\/index.php?rest_route=%2Fwp%2Fv2%2Fmedia&parent=36425"}],"wp:term":[{"taxonomy":"category","embeddable":true,"href":"https:\/\/zonaroja.com.mx\/index.php?rest_route=%2Fwp%2Fv2%2Fcategories&post=36425"},{"taxonomy":"post_tag","embeddable":true,"href":"https:\/\/zonaroja.com.mx\/index.php?rest_route=%2Fwp%2Fv2%2Ftags&post=36425"}],"curies":[{"name":"wp","href":"https:\/\/api.w.org\/{rel}","templated":true}]}}