{"id":36434,"date":"2022-01-14T07:36:32","date_gmt":"2022-01-14T13:36:32","guid":{"rendered":"http:\/\/www.zonaroja.com.mx\/?p=36434"},"modified":"2022-01-14T07:36:35","modified_gmt":"2022-01-14T13:36:35","slug":"avanza-vacunacion-a-docentes-en-oaxaca-hoy-tercer-dia","status":"publish","type":"post","link":"https:\/\/zonaroja.com.mx\/?p=36434","title":{"rendered":"Avanza vacunaci\u00f3n a docentes en Oaxaca; hoy, tercer d\u00eda"},"content":{"rendered":"\n<p>Redacci\u00f3n\/Zona Roja.<\/p>\n\n\n\n<p>Oaxaca de Ju\u00e1rez, Oax. 14 de enero de 2022.- Como parte de la aplicaci\u00f3n del biol\u00f3gico de refuerzo contra el Covid-19 al personal educativo, ayer en el segundo d\u00eda de actividades para la ciudad de Oaxaca, Tuxtepec y el Istmo de Tehuantepec y primer d\u00eda en el resto de las regiones, el encargado de Despacho del Instituto Estatal de Educaci\u00f3n P\u00fablica de Oaxaca (IEEPO), Ernesto L\u00f3pez Montero, realiz\u00f3 un recorrido por el centro de vacunaci\u00f3n de Ixtl\u00e1n de Ju\u00e1rez.<\/p>\n\n\n\n<p>En una acci\u00f3n conjunta entre los gobiernos federal, estatal y municipal, se llevan a cabo estas acciones sin contratiempos, en orden y con agilidad, con la participaci\u00f3n responsable de maestras, maestros, administrativos y personal de apoyo que laboran en los diferentes niveles educativos en el sector educativo p\u00fablico y privado de las ocho regiones.<\/p>\n\n\n\n<p>En la sede que se instal\u00f3 en la explanada municipal de Ixtl\u00e1n para la atenci\u00f3n a trabajadores de la educaci\u00f3n de la Sierra Norte, el encargado de Despacho destac\u00f3 que como es prioridad del gobernador Alejandro Murat Hinojosa en el cuidado de la salud y la vida, se ha registrado una afluencia importante de personas que han acudido a los centros de vacunaci\u00f3n y exhort\u00f3 a quienes a\u00fan faltan, acudir en este \u00faltimo d\u00eda de actividad, este viernes 14 de enero.<\/p>\n\n\n\n<p>Al igual que las jornadas anteriores, el encargado de Despacho del IEEPO, constat\u00f3 y reconoci\u00f3 el desarrollo de la misma, con la amplia y responsable asistencia del magisterio, personal educativo de los diferentes niveles de instituciones p\u00fablicas y privadas con apego a los protocolos sanitarios establecidos.<\/p>\n\n\n\n<p>Por su parte, en entrevista maestras y maestros que asistieron al centro de vacunaci\u00f3n en Ixtl\u00e1n de Ju\u00e1rez, reconocieron la organizaci\u00f3n, agilidad y buena atenci\u00f3n durante el proceso.<\/p>\n\n\n\n<p>Ayer jueves se realiz\u00f3 la aplicaci\u00f3n del refuerzo en sedes ubicadas en Putla Villa de Guerrero, Ixtl\u00e1n de Ju\u00e1rez, Loma Bonita, Huajuapan de Le\u00f3n, Huautla de Jim\u00e9nez, Ciudad Ixtepec, Santiago Juxtlahuaca (\u00fanico d\u00eda), Mat\u00edas Romero, Santiago Pinotepa Nacional, San Pedro Pochutla, San Pedro Mixtepec y Teotitl\u00e1n de Flores Mag\u00f3n.<\/p>\n\n\n\n<p>Tambi\u00e9n en la Heroica Ciudad de Tlaxiaco, Miahuatl\u00e1n de Porfirio D\u00edaz y San Pedro y San Pablo Ayutla. En esta ocasi\u00f3n de aplica el biol\u00f3gico del laboratorio Moderna a quienes fueron inmunizados entre abril y mayo de 2021 con la vacuna de CanSino.<\/p>\n","protected":false},"excerpt":{"rendered":"<p>Redacci\u00f3n\/Zona Roja. Oaxaca de Ju\u00e1rez, Oax. 14 de enero de 2022.- Como parte de la&hellip;<\/p>\n","protected":false},"author":2,"featured_media":36435,"comment_status":"closed","ping_status":"open","sticky":false,"template":"","format":"standard","meta":{"_lmt_disableupdate":"","_lmt_disable":"","_jetpack_memberships_contains_paid_content":false,"footnotes":""},"categories":[109,46],"tags":[2837],"class_list":["post-36434","post","type-post","status-publish","format-standard","has-post-thumbnail","hentry","category-minuto-a-minuto","category-zona-blanca","tag-instituto-estatal-de-educacion-publica-de-oaxaca-ieepo"],"jetpack_featured_media_url":"https:\/\/zonaroja.com.mx\/wp-content\/uploads\/2022\/01\/Vacunacion-maestros-IEEPO.jpg","jetpack_sharing_enabled":true,"_links":{"self":[{"href":"https:\/\/zonaroja.com.mx\/index.php?rest_route=\/wp\/v2\/posts\/36434","targetHints":{"allow":["GET"]}}],"collection":[{"href":"https:\/\/zonaroja.com.mx\/index.php?rest_route=\/wp\/v2\/posts"}],"about":[{"href":"https:\/\/zonaroja.com.mx\/index.php?rest_route=\/wp\/v2\/types\/post"}],"author":[{"embeddable":true,"href":"https:\/\/zonaroja.com.mx\/index.php?rest_route=\/wp\/v2\/users\/2"}],"replies":[{"embeddable":true,"href":"https:\/\/zonaroja.com.mx\/index.php?rest_route=%2Fwp%2Fv2%2Fcomments&post=36434"}],"version-history":[{"count":1,"href":"https:\/\/zonaroja.com.mx\/index.php?rest_route=\/wp\/v2\/posts\/36434\/revisions"}],"predecessor-version":[{"id":36436,"href":"https:\/\/zonaroja.com.mx\/index.php?rest_route=\/wp\/v2\/posts\/36434\/revisions\/36436"}],"wp:featuredmedia":[{"embeddable":true,"href":"https:\/\/zonaroja.com.mx\/index.php?rest_route=\/wp\/v2\/media\/36435"}],"wp:attachment":[{"href":"https:\/\/zonaroja.com.mx\/index.php?rest_route=%2Fwp%2Fv2%2Fmedia&parent=36434"}],"wp:term":[{"taxonomy":"category","embeddable":true,"href":"https:\/\/zonaroja.com.mx\/index.php?rest_route=%2Fwp%2Fv2%2Fcategories&post=36434"},{"taxonomy":"post_tag","embeddable":true,"href":"https:\/\/zonaroja.com.mx\/index.php?rest_route=%2Fwp%2Fv2%2Ftags&post=36434"}],"curies":[{"name":"wp","href":"https:\/\/api.w.org\/{rel}","templated":true}]}}