{"id":36438,"date":"2022-01-14T07:43:37","date_gmt":"2022-01-14T13:43:37","guid":{"rendered":"http:\/\/www.zonaroja.com.mx\/?p=36438"},"modified":"2022-01-14T07:43:39","modified_gmt":"2022-01-14T13:43:39","slug":"en-cuatro-anos-suma-oaxaca-61-expedientes-de-agresion-a-defensores-de-derechos","status":"publish","type":"post","link":"https:\/\/zonaroja.com.mx\/?p=36438","title":{"rendered":"En cuatro a\u00f1os, suma Oaxaca 61 expedientes de agresi\u00f3n a defensores de derechos"},"content":{"rendered":"\n<p>Redacci\u00f3n\/Zona Roja.<\/p>\n\n\n\n<p>Oaxaca de Ju\u00e1rez, Oax., 14 de enero de 2022.- De enero de 2018 a diciembre de 2021, la Defensor\u00eda de Derechos Humanos del Pueblo de Oaxaca (DDHPO) inici\u00f3 61 expedientes por agresiones contra personas defensoras de derechos humanos, siendo las m\u00e1s recurrentes: amenazas, intimidaciones, detenciones arbitrarias y tratos crueles e inhumanos.<\/p>\n\n\n\n<p>En un comunicado, el organismo se\u00f1al\u00f3 que las personas activistas y defensoras de derechos humanos son esenciales en la construcci\u00f3n de una sociedad m\u00e1s justa e igualitaria.<\/p>\n\n\n\n<p>Pues dan voz a grupos hist\u00f3ricamente invisibilizados, adem\u00e1s de poner en la agenda p\u00fablica las desigualdades que afectan a la sociedad en su conjunto y con ello, dirigir o redirigir las pol\u00edticas p\u00fablicas para una atenci\u00f3n integral de distintas problem\u00e1ticas.<\/p>\n\n\n\n<p>Por ello, advirti\u00f3 la DDHPO, las agresiones en su contra, afectan a toda la poblaci\u00f3n y dejan en la indefensi\u00f3n a los sectores y\/o comunidades a las cuales acompa\u00f1an, y en el caso de la profesora Rogelia Gonz\u00e1lez Luis, a las mujeres ind\u00edgenas y sus hijas e hijos, a quienes brinda un espacio de resguardo contra la violencia de g\u00e9nero.<\/p>\n\n\n\n<p>La DDHPO sostuvo que las personas que se dedican a defender los derechos de las mujeres se enfrentan a una situaci\u00f3n de riesgo agravado producto de los altos \u00edndices de criminalidad e impunidad en distintas regiones de Oaxaca, por lo que llam\u00f3 a atender el contexto global de este hecho.<\/p>\n","protected":false},"excerpt":{"rendered":"<p>Redacci\u00f3n\/Zona Roja. Oaxaca de Ju\u00e1rez, Oax., 14 de enero de 2022.- De enero de 2018&hellip;<\/p>\n","protected":false},"author":2,"featured_media":10556,"comment_status":"closed","ping_status":"open","sticky":false,"template":"","format":"standard","meta":{"_lmt_disableupdate":"","_lmt_disable":"","_jetpack_memberships_contains_paid_content":false,"footnotes":""},"categories":[109,47],"tags":[287],"class_list":["post-36438","post","type-post","status-publish","format-standard","has-post-thumbnail","hentry","category-minuto-a-minuto","category-zona-gris","tag-ddhpo"],"jetpack_featured_media_url":"https:\/\/zonaroja.com.mx\/wp-content\/uploads\/2020\/04\/31-marzo-Pide-DDHPO-respeto-irrestrico-a-los-derechos-humanos.jpeg","jetpack_sharing_enabled":true,"_links":{"self":[{"href":"https:\/\/zonaroja.com.mx\/index.php?rest_route=\/wp\/v2\/posts\/36438","targetHints":{"allow":["GET"]}}],"collection":[{"href":"https:\/\/zonaroja.com.mx\/index.php?rest_route=\/wp\/v2\/posts"}],"about":[{"href":"https:\/\/zonaroja.com.mx\/index.php?rest_route=\/wp\/v2\/types\/post"}],"author":[{"embeddable":true,"href":"https:\/\/zonaroja.com.mx\/index.php?rest_route=\/wp\/v2\/users\/2"}],"replies":[{"embeddable":true,"href":"https:\/\/zonaroja.com.mx\/index.php?rest_route=%2Fwp%2Fv2%2Fcomments&post=36438"}],"version-history":[{"count":1,"href":"https:\/\/zonaroja.com.mx\/index.php?rest_route=\/wp\/v2\/posts\/36438\/revisions"}],"predecessor-version":[{"id":36439,"href":"https:\/\/zonaroja.com.mx\/index.php?rest_route=\/wp\/v2\/posts\/36438\/revisions\/36439"}],"wp:featuredmedia":[{"embeddable":true,"href":"https:\/\/zonaroja.com.mx\/index.php?rest_route=\/wp\/v2\/media\/10556"}],"wp:attachment":[{"href":"https:\/\/zonaroja.com.mx\/index.php?rest_route=%2Fwp%2Fv2%2Fmedia&parent=36438"}],"wp:term":[{"taxonomy":"category","embeddable":true,"href":"https:\/\/zonaroja.com.mx\/index.php?rest_route=%2Fwp%2Fv2%2Fcategories&post=36438"},{"taxonomy":"post_tag","embeddable":true,"href":"https:\/\/zonaroja.com.mx\/index.php?rest_route=%2Fwp%2Fv2%2Ftags&post=36438"}],"curies":[{"name":"wp","href":"https:\/\/api.w.org\/{rel}","templated":true}]}}