{"id":3644,"date":"2019-09-03T18:45:34","date_gmt":"2019-09-03T23:45:34","guid":{"rendered":"http:\/\/www.zonaroja.com.mx\/?p=3644"},"modified":"2019-09-03T18:45:36","modified_gmt":"2019-09-03T23:45:36","slug":"separan-a-fiscal-de-veracruz-de-su-cargo-por-incumplir-examenes","status":"publish","type":"post","link":"https:\/\/zonaroja.com.mx\/?p=3644","title":{"rendered":"Separan a fiscal de Veracruz de su cargo, por incumplir ex\u00e1menes"},"content":{"rendered":"\n<p>Rdacci\u00f3n\/Zona\nRoja Cdmx.<\/p>\n\n\n\n<p>Ciudad de\nM\u00e9xico, 3 de septiembre.- El Congreso del Estado de Veracruz aprob\u00f3 separar\ntemporalmente de su cargo al titular de la Fiscal\u00eda General de esa entidad,\nJorge Winckler Ortiz, por no cumplir con los ex\u00e1menes de control y confianza.<\/p>\n\n\n\n<p>Sin embargo,\nel abogado de origen oaxaque\u00f1o ha sido se\u00f1alado por organismos civiles y\ndiversos sectores sociales, as\u00ed como funcionarios, de nula actuaci\u00f3n, escasos\nresultados y probable colusi\u00f3n con el crimen organizado.<\/p>\n\n\n\n<p>La\ndeterminaci\u00f3n que tom\u00f3 la Diputaci\u00f3n Permanente fue a propuesta de la Junta de\nCoordinaci\u00f3n Pol\u00edtica, que preside un diputado por Morena, que present\u00f3 un Punto\nde Acuerdo para remover al fiscal que identifican por su cercan\u00eda con el ex\ngobernador Miguel \u00c1ngel Yunes.<\/p>\n\n\n\n<p>En\nsustituci\u00f3n temporal, los mismos legisladores nombraron como encargada de\ndespacho a la actual directora jur\u00eddica de la Secretar\u00eda de Gobierno, Ver\u00f3nica\nHern\u00e1ndez Giadans.<\/p>\n\n\n\n<p>En la sesi\u00f3n\nde este martes, la Junta de Coordinaci\u00f3n Pol\u00edtica (Jucopo), que preside el\ndiputado Juan Javier G\u00f3mez Cazar\u00edn, retir\u00f3 del orden del d\u00eda todos los puntos\nque estaban agendados para analizar y aprobar como \u00fanico punto la salida del\nabogado cuyo padre, Jorge Winckler Yessin, es notario p\u00fablico en Salina Cruz.<\/p>\n\n\n\n<p>\u201cAnte las\nautoridades competentes para evaluar al fiscal general no obra constancia\nalguna de que cuente con la certificaci\u00f3n y registro, por ello y en atenci\u00f3n a\nlos antecedentes se determina necesario que la Diputaci\u00f3n Permanente aplique\ncomo medida preventiva aquellas cuya categor\u00eda no implica una sanci\u00f3n sino una\nmedida cautelar\u201d, cita el documento. <\/p>\n\n\n\n<p>Winckler\nOrtiz fue designado a finales de 2016, a recomendaci\u00f3n del entonces gobernador\npanista Yunes Linares.<\/p>\n","protected":false},"excerpt":{"rendered":"<p>Rdacci\u00f3n\/Zona Roja Cdmx. Ciudad de M\u00e9xico, 3 de septiembre.- El Congreso del Estado de Veracruz&hellip;<\/p>\n","protected":false},"author":2,"featured_media":3645,"comment_status":"closed","ping_status":"open","sticky":false,"template":"","format":"standard","meta":{"_lmt_disableupdate":"","_lmt_disable":"","_jetpack_memberships_contains_paid_content":false,"footnotes":""},"categories":[109,47],"tags":[663,662],"class_list":["post-3644","post","type-post","status-publish","format-standard","has-post-thumbnail","hentry","category-minuto-a-minuto","category-zona-gris","tag-fiscalia-general-veracruz","tag-jorge-winclker-ortiz"],"jetpack_featured_media_url":"https:\/\/zonaroja.com.mx\/wp-content\/uploads\/2019\/09\/Fiscal-Veracruz.jpg","jetpack_sharing_enabled":true,"_links":{"self":[{"href":"https:\/\/zonaroja.com.mx\/index.php?rest_route=\/wp\/v2\/posts\/3644","targetHints":{"allow":["GET"]}}],"collection":[{"href":"https:\/\/zonaroja.com.mx\/index.php?rest_route=\/wp\/v2\/posts"}],"about":[{"href":"https:\/\/zonaroja.com.mx\/index.php?rest_route=\/wp\/v2\/types\/post"}],"author":[{"embeddable":true,"href":"https:\/\/zonaroja.com.mx\/index.php?rest_route=\/wp\/v2\/users\/2"}],"replies":[{"embeddable":true,"href":"https:\/\/zonaroja.com.mx\/index.php?rest_route=%2Fwp%2Fv2%2Fcomments&post=3644"}],"version-history":[{"count":1,"href":"https:\/\/zonaroja.com.mx\/index.php?rest_route=\/wp\/v2\/posts\/3644\/revisions"}],"predecessor-version":[{"id":3646,"href":"https:\/\/zonaroja.com.mx\/index.php?rest_route=\/wp\/v2\/posts\/3644\/revisions\/3646"}],"wp:featuredmedia":[{"embeddable":true,"href":"https:\/\/zonaroja.com.mx\/index.php?rest_route=\/wp\/v2\/media\/3645"}],"wp:attachment":[{"href":"https:\/\/zonaroja.com.mx\/index.php?rest_route=%2Fwp%2Fv2%2Fmedia&parent=3644"}],"wp:term":[{"taxonomy":"category","embeddable":true,"href":"https:\/\/zonaroja.com.mx\/index.php?rest_route=%2Fwp%2Fv2%2Fcategories&post=3644"},{"taxonomy":"post_tag","embeddable":true,"href":"https:\/\/zonaroja.com.mx\/index.php?rest_route=%2Fwp%2Fv2%2Ftags&post=3644"}],"curies":[{"name":"wp","href":"https:\/\/api.w.org\/{rel}","templated":true}]}}