{"id":36440,"date":"2022-01-14T08:04:02","date_gmt":"2022-01-14T14:04:02","guid":{"rendered":"http:\/\/www.zonaroja.com.mx\/?p=36440"},"modified":"2022-01-14T08:04:04","modified_gmt":"2022-01-14T14:04:04","slug":"incorpora-el-insabi-a-1265-trabajadores-de-salud-750-son-de-nuevo-ingreso","status":"publish","type":"post","link":"https:\/\/zonaroja.com.mx\/?p=36440","title":{"rendered":"Incorpora el Insabi a 1,265 trabajadores de salud; 750 son de nuevo ingreso"},"content":{"rendered":"\n<p>Redacci\u00f3n\/Zona Roja.<\/p>\n\n\n\n<p>Oaxaca de Ju\u00e1rez, Oax., 14 de enero de 2022.- El Instituto de Salud para el Bienestar (Insabi) del gobierno federal, incorpor\u00f3 a mil 265 profesionales de la salud, de los cuales 750 son de nuevo ingreso y 515 recontratados.<\/p>\n\n\n\n<p>En un comunicado, inform\u00f3 que el personal m\u00e9dico, de enfermer\u00eda y param\u00e9dico que se integra al Insabi estar\u00e1 asignado a unidades m\u00e9dicas de segundo nivel en las 6 jurisdicciones de la entidad<\/p>\n\n\n\n<p>Para ello, en coordinaci\u00f3n con los Servicios de Salud de Oaxaca, llev\u00f3 a cabo el curso \u201cInducci\u00f3n e identidad institucional de la rama m\u00e9dica, param\u00e9dica y grupos afines\u00bb, en la sede de la capacitaci\u00f3n fue el Centro Cultural y de Convenciones de Oaxaca (CCCO), en Santa Luc\u00eda del Camino.<\/p>\n\n\n\n<p>Indic\u00f3 que el personal m\u00e9dico recontratado forma parte del Programa de Recuperaci\u00f3n de los Servicios de Salud y son los profesionales de la salud que brindaron atenci\u00f3n m\u00e9dica durante la emergencia sanitaria a pacientes con Covid-19.<\/p>\n\n\n\n<p>Los trabajadores incorporados estar\u00e1n asignados a las unidades m\u00e9dicas de segundo nivel de las seis jurisdicciones: Valles Centrales, Istmo, Tuxtepec, Costa, Mixteca y Sierra.<\/p>\n\n\n\n<p>A trav\u00e9s de un videomensaje, el director general del Insabi, Juan Antonio Ferrer Aguilar, dio la bienvenida a las y los profesionales de la salud que acudieron al curso este mi\u00e9rcoles.<\/p>\n\n\n\n<p>Expres\u00f3 su satisfacci\u00f3n por la integraci\u00f3n de mil 265 profesionales de la salud a los servicios m\u00e9dicos de Oaxaca y al Insabi, una instituci\u00f3n que es un gran equipo de trabajo en donde cada persona que forma parte de ella, la ha hecho crecer.<\/p>\n\n\n\n<figure class=\"wp-block-image size-full\"><a href=\"http:\/\/www.zonaroja.com.mx\/wp-content\/uploads\/2022\/01\/Contrataciones-Insabi-Oaxaca-1.jpeg\" data-rel=\"penci-gallery-image-content\" ><img decoding=\"async\" width=\"900\" height=\"675\" src=\"http:\/\/www.zonaroja.com.mx\/wp-content\/uploads\/2022\/01\/Contrataciones-Insabi-Oaxaca-1.jpeg\" alt=\"\" class=\"wp-image-36442\" srcset=\"https:\/\/zonaroja.com.mx\/wp-content\/uploads\/2022\/01\/Contrataciones-Insabi-Oaxaca-1.jpeg 900w, https:\/\/zonaroja.com.mx\/wp-content\/uploads\/2022\/01\/Contrataciones-Insabi-Oaxaca-1-300x225.jpeg 300w, https:\/\/zonaroja.com.mx\/wp-content\/uploads\/2022\/01\/Contrataciones-Insabi-Oaxaca-1-768x576.jpeg 768w, https:\/\/zonaroja.com.mx\/wp-content\/uploads\/2022\/01\/Contrataciones-Insabi-Oaxaca-1-585x439.jpeg 585w\" sizes=\"(max-width: 900px) 100vw, 900px\" \/><\/a><\/figure>\n\n\n\n<p>Ferrer Aguilar se\u00f1al\u00f3 que el gobierno de la Cuarta Transformaci\u00f3n, encabezado por el presidente Andr\u00e9s Manuel L\u00f3pez Obrador, tiene la meta de mejorar el sistema de salud de M\u00e9xico en beneficio de todas y todos los mexicanos; pero con una prioridad: que quienes no cuentan con seguridad social tengan acceso a servicios m\u00e9dicos y medicamentos gratuitos y de calidad.<\/p>\n\n\n\n<p>Detall\u00f3 que actualmente el Insabi cuenta con m\u00e1s de 20 mil trabajadores, y que de los 317 establecimientos de salud que estaban abandonados de administraciones anteriores, ya se han puesto en operaci\u00f3n 84 y agreg\u00f3 que para servicios del primer nivel de atenci\u00f3n est\u00e1n funcionando cerca de tres mil centros de salud en las 32 entidades del pa\u00eds.<\/p>\n\n\n\n<p>En representaci\u00f3n del gobernador Alejandro Murat Hinojosa, el secretario de Salud de Oaxaca, Juan Carlos M\u00e1rquez Heine, agradeci\u00f3 al Insabi por la contrataci\u00f3n del personal de salud y dijo que es fruto del trabajo en conjunto realizado entre el gobierno federal, estatal y local para mejorar los servicios de salud en la entidad.<\/p>\n\n\n\n<p>M\u00e1rquez Heine se\u00f1al\u00f3 que el gobierno de Oaxaca nunca hab\u00eda tenido la oportunidad de trabajar tan cerca con el gobierno federal, y mencion\u00f3 que \u201cel trabajo en equipo para la salud es la receta perfecta para el \u00e9xito\u201d.<\/p>\n\n\n\n<p>Asimismo, manifest\u00f3 que, gracias a la contrataci\u00f3n de personal de salud \u201cal fin se va a lograr la meta de poder dar atenci\u00f3n a toda la poblaci\u00f3n sin derechohabiencia del estado de Oaxaca, en las 940 unidades m\u00e9dicas de la entidad\u201d.<\/p>\n\n\n\n<p>Detall\u00f3 que antes de que finalice el mes de enero se asignar\u00e1 al personal m\u00e9dico, de enfermer\u00eda y param\u00e9dico a las unidades m\u00e9dicas de la entidad, lo que va a generar \u201cuna nueva etapa de los servicios de salud en el estado de Oaxaca\u201d.<\/p>\n","protected":false},"excerpt":{"rendered":"<p>Redacci\u00f3n\/Zona Roja. Oaxaca de Ju\u00e1rez, Oax., 14 de enero de 2022.- El Instituto de Salud&hellip;<\/p>\n","protected":false},"author":2,"featured_media":36441,"comment_status":"closed","ping_status":"open","sticky":false,"template":"","format":"standard","meta":{"_lmt_disableupdate":"","_lmt_disable":"","_jetpack_memberships_contains_paid_content":false,"footnotes":""},"categories":[109,46],"tags":[1951],"class_list":["post-36440","post","type-post","status-publish","format-standard","has-post-thumbnail","hentry","category-minuto-a-minuto","category-zona-blanca","tag-instituto-de-salud-para-el-bienestar-insabi"],"jetpack_featured_media_url":"https:\/\/zonaroja.com.mx\/wp-content\/uploads\/2022\/01\/Contrataciones-Insabi-Oaxaca-2.jpeg","jetpack_sharing_enabled":true,"_links":{"self":[{"href":"https:\/\/zonaroja.com.mx\/index.php?rest_route=\/wp\/v2\/posts\/36440","targetHints":{"allow":["GET"]}}],"collection":[{"href":"https:\/\/zonaroja.com.mx\/index.php?rest_route=\/wp\/v2\/posts"}],"about":[{"href":"https:\/\/zonaroja.com.mx\/index.php?rest_route=\/wp\/v2\/types\/post"}],"author":[{"embeddable":true,"href":"https:\/\/zonaroja.com.mx\/index.php?rest_route=\/wp\/v2\/users\/2"}],"replies":[{"embeddable":true,"href":"https:\/\/zonaroja.com.mx\/index.php?rest_route=%2Fwp%2Fv2%2Fcomments&post=36440"}],"version-history":[{"count":1,"href":"https:\/\/zonaroja.com.mx\/index.php?rest_route=\/wp\/v2\/posts\/36440\/revisions"}],"predecessor-version":[{"id":36443,"href":"https:\/\/zonaroja.com.mx\/index.php?rest_route=\/wp\/v2\/posts\/36440\/revisions\/36443"}],"wp:featuredmedia":[{"embeddable":true,"href":"https:\/\/zonaroja.com.mx\/index.php?rest_route=\/wp\/v2\/media\/36441"}],"wp:attachment":[{"href":"https:\/\/zonaroja.com.mx\/index.php?rest_route=%2Fwp%2Fv2%2Fmedia&parent=36440"}],"wp:term":[{"taxonomy":"category","embeddable":true,"href":"https:\/\/zonaroja.com.mx\/index.php?rest_route=%2Fwp%2Fv2%2Fcategories&post=36440"},{"taxonomy":"post_tag","embeddable":true,"href":"https:\/\/zonaroja.com.mx\/index.php?rest_route=%2Fwp%2Fv2%2Ftags&post=36440"}],"curies":[{"name":"wp","href":"https:\/\/api.w.org\/{rel}","templated":true}]}}