{"id":36450,"date":"2022-01-14T17:51:08","date_gmt":"2022-01-14T23:51:08","guid":{"rendered":"http:\/\/www.zonaroja.com.mx\/?p=36450"},"modified":"2022-01-14T17:51:10","modified_gmt":"2022-01-14T23:51:10","slug":"halla-fiscalia-general-restos-humanos-en-mier-y-teran-atatlahuca","status":"publish","type":"post","link":"https:\/\/zonaroja.com.mx\/?p=36450","title":{"rendered":"Halla Fiscal\u00eda General restos humanos en Mier y Ter\u00e1n, Atatlahuca"},"content":{"rendered":"\n<p>Redacci\u00f3n\/Zona Roja.<\/p>\n\n\n\n<p>Oaxaca de Ju\u00e1rez, Oax., 14 de enero de 2022.- La Fiscal\u00eda General del Estado de Oaxaca (FGEO), coordin\u00f3 y ejecut\u00f3 un operativo de b\u00fasqueda a partir del reporte de una persona desaparecida en jurisdicci\u00f3n de San Esteban Atatlahuca, en la regi\u00f3n de la Mixteca.<\/p>\n\n\n\n<p>En un comunicado de prensa, inform\u00f3 que las acciones fueron realizadas el pasado 13 de enero del a\u00f1o en curso y corrieron a cargo de la Vicefiscal\u00eda General de Atenci\u00f3n a V\u00edctimas y a la Sociedad -a trav\u00e9s de su Unidad Especializada en Desaparici\u00f3n Forzada-, contando con el apoyo de elementos de la Agencia Estatal de Investigaciones (AEI) y de personal del Instituto de Servicios Periciales.<\/p>\n\n\n\n<p>Luego de llevarse a cabo las labores asentadas en la Carpeta de Investigaci\u00f3n 33875\/FMIX\/TLAXIACO\/2021, el equipo multidisciplinario de la FGEO localiz\u00f3 restos humanos en la localidad de Mier y Ter\u00e1n, perteneciente al referido municipio, mismos que ser\u00e1n sometidos a estudios de gen\u00e9tica forense para determinar la identidad de la v\u00edctima y las causas de su fallecimiento.<\/p>\n\n\n\n<p>Agreg\u00f3 que la Fiscal\u00eda General redobla esfuerzos en la b\u00fasqueda y localizaci\u00f3n de personas desaparecidas en la entidad, realizando investigaciones exhaustivas que permitan dar con su paradero.<\/p>\n","protected":false},"excerpt":{"rendered":"<p>Redacci\u00f3n\/Zona Roja. Oaxaca de Ju\u00e1rez, Oax., 14 de enero de 2022.- La Fiscal\u00eda General del&hellip;<\/p>\n","protected":false},"author":2,"featured_media":36451,"comment_status":"closed","ping_status":"open","sticky":false,"template":"","format":"standard","meta":{"_lmt_disableupdate":"","_lmt_disable":"","_jetpack_memberships_contains_paid_content":false,"footnotes":""},"categories":[109,46],"tags":[494],"class_list":["post-36450","post","type-post","status-publish","format-standard","has-post-thumbnail","hentry","category-minuto-a-minuto","category-zona-blanca","tag-fiscalia-general-del-estado-de-oaxaca"],"jetpack_featured_media_url":"https:\/\/zonaroja.com.mx\/wp-content\/uploads\/2022\/01\/Restos-Fiscalia-Oaxaca-Atatlahuca-Mier-y-Teran.jpg","jetpack_sharing_enabled":true,"_links":{"self":[{"href":"https:\/\/zonaroja.com.mx\/index.php?rest_route=\/wp\/v2\/posts\/36450","targetHints":{"allow":["GET"]}}],"collection":[{"href":"https:\/\/zonaroja.com.mx\/index.php?rest_route=\/wp\/v2\/posts"}],"about":[{"href":"https:\/\/zonaroja.com.mx\/index.php?rest_route=\/wp\/v2\/types\/post"}],"author":[{"embeddable":true,"href":"https:\/\/zonaroja.com.mx\/index.php?rest_route=\/wp\/v2\/users\/2"}],"replies":[{"embeddable":true,"href":"https:\/\/zonaroja.com.mx\/index.php?rest_route=%2Fwp%2Fv2%2Fcomments&post=36450"}],"version-history":[{"count":1,"href":"https:\/\/zonaroja.com.mx\/index.php?rest_route=\/wp\/v2\/posts\/36450\/revisions"}],"predecessor-version":[{"id":36452,"href":"https:\/\/zonaroja.com.mx\/index.php?rest_route=\/wp\/v2\/posts\/36450\/revisions\/36452"}],"wp:featuredmedia":[{"embeddable":true,"href":"https:\/\/zonaroja.com.mx\/index.php?rest_route=\/wp\/v2\/media\/36451"}],"wp:attachment":[{"href":"https:\/\/zonaroja.com.mx\/index.php?rest_route=%2Fwp%2Fv2%2Fmedia&parent=36450"}],"wp:term":[{"taxonomy":"category","embeddable":true,"href":"https:\/\/zonaroja.com.mx\/index.php?rest_route=%2Fwp%2Fv2%2Fcategories&post=36450"},{"taxonomy":"post_tag","embeddable":true,"href":"https:\/\/zonaroja.com.mx\/index.php?rest_route=%2Fwp%2Fv2%2Ftags&post=36450"}],"curies":[{"name":"wp","href":"https:\/\/api.w.org\/{rel}","templated":true}]}}