{"id":36453,"date":"2022-01-14T19:18:17","date_gmt":"2022-01-15T01:18:17","guid":{"rendered":"http:\/\/www.zonaroja.com.mx\/?p=36453"},"modified":"2022-01-14T19:18:20","modified_gmt":"2022-01-15T01:18:20","slug":"se-suman-voces-de-exigencia-de-justicia-por-ataque-a-activista-feminista","status":"publish","type":"post","link":"https:\/\/zonaroja.com.mx\/?p=36453","title":{"rendered":"Se suman voces de exigencia de justicia por ataque a activista feminista"},"content":{"rendered":"\n<p>Yuridiana Sosa\/Zona Roja.<\/p>\n\n\n\n<p>Oaxaca de Ju\u00e1rez, Oax., 14 de enero de 2022.- Colectivos feministas, organismos defensores de derechos humanos y la senadora Susana Harp, entre otros, condenaron, de forma separada, la agresi\u00f3n a la activista Rogelia Gonz\u00e1lez Luis y exigieron justicia por el hecho.<\/p>\n\n\n\n<p>\u201cLa lucha para las mujeres no ha sido f\u00e1cil, las defensoras de los derechos humanos seguimos dando grandes batallas para el acceso a nuestros derechos. Hasta que la dignidad se haga costumbre\u201d, se\u00f1al\u00f3 la v\u00edctima, a m\u00e1s de 24 horas del allanamiento violento a su domicilio por parte de sujetos con armas de alto poder.<\/p>\n\n\n\n<p>La senadora Susana Harp Iturribarr\u00eda manifest\u00f3 su apoyo a Gonz\u00e1lez Luis por medio de un mensaje en redes sociales, en el que exigi\u00f3 a las autoridades una investigaci\u00f3n por la agresi\u00f3n y que se garantice su seguridad. \u201cCondenamos este acto. Ninguna voz y ninguna mujer debe silenciarse\u201d, expres\u00f3.<\/p>\n\n\n\n<p>As\u00ed tambi\u00e9n, la Red Nacional de Mujeres de la Paridad en Todo conden\u00f3 el acto que genera una profunda preocupaci\u00f3n por la seguridad de la compa\u00f1era.<\/p>\n\n\n\n<p>El grupo reconoci\u00f3 la f\u00e9rrea lucha que Rogelia Gonz\u00e1lez ha emprendido a favor de los derechos de las mujeres, principalmente en Juchit\u00e1n junto al Grupo de Mujeres \u201c8 de Marzo\u201d, por lo que demand\u00f3 el esclarecimiento y sanci\u00f3n a los responsables de este acto, as\u00ed como medidas cautelares para ella y su familia.<\/p>\n\n\n\n<p>Por su parte, el Observatorio de Participaci\u00f3n Pol\u00edtica de las Mujeres de Oaxaca (OPPMO) destac\u00f3 que estar\u00e1n vigilantes para que se cumplan los protocolos de seguridad sobre de los hechos ocurridos, de los que igualmente expres\u00f3 su condena.<\/p>\n","protected":false},"excerpt":{"rendered":"<p>Yuridiana Sosa\/Zona Roja. Oaxaca de Ju\u00e1rez, Oax., 14 de enero de 2022.- Colectivos feministas, organismos&hellip;<\/p>\n","protected":false},"author":2,"featured_media":36454,"comment_status":"closed","ping_status":"open","sticky":false,"template":"","format":"standard","meta":{"_lmt_disableupdate":"","_lmt_disable":"","_jetpack_memberships_contains_paid_content":false,"footnotes":""},"categories":[109,47],"tags":[2282],"class_list":["post-36453","post","type-post","status-publish","format-standard","has-post-thumbnail","hentry","category-minuto-a-minuto","category-zona-gris","tag-rogelia-gonzalez-luis"],"jetpack_featured_media_url":"https:\/\/zonaroja.com.mx\/wp-content\/uploads\/2022\/01\/Rogelia-Gonzalez.jpg","jetpack_sharing_enabled":true,"_links":{"self":[{"href":"https:\/\/zonaroja.com.mx\/index.php?rest_route=\/wp\/v2\/posts\/36453","targetHints":{"allow":["GET"]}}],"collection":[{"href":"https:\/\/zonaroja.com.mx\/index.php?rest_route=\/wp\/v2\/posts"}],"about":[{"href":"https:\/\/zonaroja.com.mx\/index.php?rest_route=\/wp\/v2\/types\/post"}],"author":[{"embeddable":true,"href":"https:\/\/zonaroja.com.mx\/index.php?rest_route=\/wp\/v2\/users\/2"}],"replies":[{"embeddable":true,"href":"https:\/\/zonaroja.com.mx\/index.php?rest_route=%2Fwp%2Fv2%2Fcomments&post=36453"}],"version-history":[{"count":1,"href":"https:\/\/zonaroja.com.mx\/index.php?rest_route=\/wp\/v2\/posts\/36453\/revisions"}],"predecessor-version":[{"id":36455,"href":"https:\/\/zonaroja.com.mx\/index.php?rest_route=\/wp\/v2\/posts\/36453\/revisions\/36455"}],"wp:featuredmedia":[{"embeddable":true,"href":"https:\/\/zonaroja.com.mx\/index.php?rest_route=\/wp\/v2\/media\/36454"}],"wp:attachment":[{"href":"https:\/\/zonaroja.com.mx\/index.php?rest_route=%2Fwp%2Fv2%2Fmedia&parent=36453"}],"wp:term":[{"taxonomy":"category","embeddable":true,"href":"https:\/\/zonaroja.com.mx\/index.php?rest_route=%2Fwp%2Fv2%2Fcategories&post=36453"},{"taxonomy":"post_tag","embeddable":true,"href":"https:\/\/zonaroja.com.mx\/index.php?rest_route=%2Fwp%2Fv2%2Ftags&post=36453"}],"curies":[{"name":"wp","href":"https:\/\/api.w.org\/{rel}","templated":true}]}}