{"id":36466,"date":"2022-01-15T07:36:34","date_gmt":"2022-01-15T13:36:34","guid":{"rendered":"http:\/\/www.zonaroja.com.mx\/?p=36466"},"modified":"2022-01-15T07:40:13","modified_gmt":"2022-01-15T13:40:13","slug":"otra-vez-denuncian-a-pvem-oaxaca-de-violencia-politica-por-razon-de-genero","status":"publish","type":"post","link":"https:\/\/zonaroja.com.mx\/?p=36466","title":{"rendered":"Otra vez denuncian a PVEM Oaxaca de violencia pol\u00edtica por raz\u00f3n de g\u00e9nero"},"content":{"rendered":"\n<p>Yuridiana Sosa\/Zona Roja.<\/p>\n\n\n\n<p>Oaxaca de Ju\u00e1rez, Oax., 15 de enero de 2022.- El Partido Verde Ecologista de M\u00e9xico (PVEM) en Oaxaca enfrenta una denuncia laboral por despido injustificado contra una mujer, quien tambi\u00e9n acus\u00f3 ser v\u00edctima de una persecuci\u00f3n pol\u00edtica por la defensa de sus derechos como trabajadora.<\/p>\n\n\n\n<p>La abogada en Derecho Laboral, Ana Karen Ram\u00edrez Pastrana, denunci\u00f3 de manera p\u00fablica el proceso que inici\u00f3 contra el PVEM, pues tambi\u00e9n busca la intervenci\u00f3n de la presidenta del partido en M\u00e9xico, Karen Castrej\u00f3n Trujillo, por los actos de la violencia pol\u00edtica que est\u00e1 viviendo por parte del presidente del partido en Oaxaca, el diputado federal Jos\u00e9 Antonio Estefan Gillessen.<\/p>\n\n\n\n<p>Desde el pasado 7 de enero la abogada comenz\u00f3 el proceso legal ante el Centro Conciliador Laboral del Estado de Oaxaca por despido injustificado luego de m\u00e1s de tres a\u00f1os como trabajadora del partido, y por lo cual se ha fijado como fecha de conciliaci\u00f3n el pr\u00f3ximo 18 de enero.<\/p>\n\n\n\n<p>Sin embargo, durante estos d\u00edas se han cometido actos que vulneran la seguridad de la ex trabajadora, por lo que tambi\u00e9n pidi\u00f3 al Instituto Estatal Electoral y de Participaci\u00f3n Ciudadana de Oaxaca (IEEPCO) intervengan con finalidad de proteger y salvaguardar su persona ante los actos de violencia.<\/p>\n\n\n\n<p>As\u00ed tambi\u00e9n, hizo un llamado al Instituto Nacional Electoral (INE) en Oaxaca, apunt\u00f3 que existen pruebas que su despido fue por el hecho de ser mujer.<\/p>\n\n\n\n<figure class=\"wp-block-image size-large\"><a href=\"http:\/\/www.zonaroja.com.mx\/wp-content\/uploads\/2022\/01\/Documentos-Karen-Ramirez-1.jpg\" data-rel=\"penci-gallery-image-content\" ><img decoding=\"async\" width=\"1024\" height=\"409\" src=\"http:\/\/www.zonaroja.com.mx\/wp-content\/uploads\/2022\/01\/Documentos-Karen-Ramirez-1-1024x409.jpg\" alt=\"\" class=\"wp-image-36468\" srcset=\"https:\/\/zonaroja.com.mx\/wp-content\/uploads\/2022\/01\/Documentos-Karen-Ramirez-1-1024x409.jpg 1024w, https:\/\/zonaroja.com.mx\/wp-content\/uploads\/2022\/01\/Documentos-Karen-Ramirez-1-300x120.jpg 300w, https:\/\/zonaroja.com.mx\/wp-content\/uploads\/2022\/01\/Documentos-Karen-Ramirez-1-768x307.jpg 768w, https:\/\/zonaroja.com.mx\/wp-content\/uploads\/2022\/01\/Documentos-Karen-Ramirez-1-1170x467.jpg 1170w, https:\/\/zonaroja.com.mx\/wp-content\/uploads\/2022\/01\/Documentos-Karen-Ramirez-1-585x234.jpg 585w, https:\/\/zonaroja.com.mx\/wp-content\/uploads\/2022\/01\/Documentos-Karen-Ramirez-1.jpg 1280w\" sizes=\"(max-width: 1024px) 100vw, 1024px\" \/><\/a><\/figure>\n\n\n\n<p>A trav\u00e9s de su cuenta de Twitter, la afectada escribi\u00f3 a los integrantes del Partido Verde a nivel nacional: \u201cSolicito su intervenci\u00f3n ante la violencia pol\u00edtica de la que soy v\u00edctima por parte de Jos\u00e9 Antonio Estefan por defender mis derechos. Solicito audiencia Lic. Karen Pastrana\u201d.<\/p>\n\n\n\n<p>En otro mensaje dijo: \u201cP\u00fablicamente hago responsables de la persecuci\u00f3n pol\u00edtica de la que estoy siendo v\u00edctima a Jos\u00e9 Antonio Estefan Gillessen, diputado federal y su equipo de trabajo\u201d, adem\u00e1s que mencion\u00f3 que Ra\u00fal Bola\u00f1os, senador por Oaxaca, nunca le contest\u00f3 sus mensajes respecto a este tema.<\/p>\n\n\n\n<p>Ram\u00edrez Pastrana resalt\u00f3 como parte de su trabajo que \u201cdentro del m\u00e1ximo \u00f3rgano electoral fui honrosamente la \u00fanica representante mujer y sin embargo se me despide por poner a un hombre\u201d.<\/p>\n\n\n\n<p>\u201cSeguir\u00e9 luchando por mis derechos que por supuesto tengo pruebas de cada uno de los actos y del arduo trabajo que desempe\u00f1e en el Verde Oaxaca. Sin embargo, no permitir\u00e9 injurias y si hay que hablar hablaremos p\u00fablicamente\u201d, destac\u00f3 este viernes.<\/p>\n\n\n\n<p>ANTECEDENTE<\/p>\n\n\n\n<p>El pasado mes de diciembre la secretaria de la Mujer del Partido Verde Ecologista de M\u00e9xico (PVEM) en Oaxaca, Aurora L\u00f3pez Acevedo, tambi\u00e9n denunci\u00f3 actos de violencia f\u00edsica y verbal en su contra por exigir participar en el proceso de renovaci\u00f3n de la dirigencia del partido en la entidad.<\/p>\n","protected":false},"excerpt":{"rendered":"<p>Yuridiana Sosa\/Zona Roja. Oaxaca de Ju\u00e1rez, Oax., 15 de enero de 2022.- El Partido Verde&hellip;<\/p>\n","protected":false},"author":2,"featured_media":36473,"comment_status":"closed","ping_status":"open","sticky":false,"template":"","format":"standard","meta":{"_lmt_disableupdate":"","_lmt_disable":"","_jetpack_memberships_contains_paid_content":false,"footnotes":""},"categories":[109,47],"tags":[3002],"class_list":["post-36466","post","type-post","status-publish","format-standard","has-post-thumbnail","hentry","category-minuto-a-minuto","category-zona-gris","tag-karen-ramirez-patrana"],"jetpack_featured_media_url":"https:\/\/zonaroja.com.mx\/wp-content\/uploads\/2022\/01\/Karen-Ramirez-Pastrana.jpg","jetpack_sharing_enabled":true,"_links":{"self":[{"href":"https:\/\/zonaroja.com.mx\/index.php?rest_route=\/wp\/v2\/posts\/36466","targetHints":{"allow":["GET"]}}],"collection":[{"href":"https:\/\/zonaroja.com.mx\/index.php?rest_route=\/wp\/v2\/posts"}],"about":[{"href":"https:\/\/zonaroja.com.mx\/index.php?rest_route=\/wp\/v2\/types\/post"}],"author":[{"embeddable":true,"href":"https:\/\/zonaroja.com.mx\/index.php?rest_route=\/wp\/v2\/users\/2"}],"replies":[{"embeddable":true,"href":"https:\/\/zonaroja.com.mx\/index.php?rest_route=%2Fwp%2Fv2%2Fcomments&post=36466"}],"version-history":[{"count":1,"href":"https:\/\/zonaroja.com.mx\/index.php?rest_route=\/wp\/v2\/posts\/36466\/revisions"}],"predecessor-version":[{"id":36469,"href":"https:\/\/zonaroja.com.mx\/index.php?rest_route=\/wp\/v2\/posts\/36466\/revisions\/36469"}],"wp:featuredmedia":[{"embeddable":true,"href":"https:\/\/zonaroja.com.mx\/index.php?rest_route=\/wp\/v2\/media\/36473"}],"wp:attachment":[{"href":"https:\/\/zonaroja.com.mx\/index.php?rest_route=%2Fwp%2Fv2%2Fmedia&parent=36466"}],"wp:term":[{"taxonomy":"category","embeddable":true,"href":"https:\/\/zonaroja.com.mx\/index.php?rest_route=%2Fwp%2Fv2%2Fcategories&post=36466"},{"taxonomy":"post_tag","embeddable":true,"href":"https:\/\/zonaroja.com.mx\/index.php?rest_route=%2Fwp%2Fv2%2Ftags&post=36466"}],"curies":[{"name":"wp","href":"https:\/\/api.w.org\/{rel}","templated":true}]}}