{"id":3647,"date":"2019-09-03T20:17:41","date_gmt":"2019-09-04T01:17:41","guid":{"rendered":"http:\/\/www.zonaroja.com.mx\/?p=3647"},"modified":"2019-09-03T20:17:44","modified_gmt":"2019-09-04T01:17:44","slug":"administrador-designado-por-la-segego-se-queda-con-recursos-municipales","status":"publish","type":"post","link":"https:\/\/zonaroja.com.mx\/?p=3647","title":{"rendered":"Administrador designado por la Segego se queda con recursos municipales"},"content":{"rendered":"\n<p>Redacci\u00f3n\/<\/p>\n\n\n\n<p>Oaxaca de Ju\u00e1rez, Oax., 3 de septiembre de 2019.- Integrantes del Comit\u00e9 Comunitario de Santiago Cho\u00e1pam se manifestaron este martes a las afueras de Palacio de Gobierno para exigir la destituci\u00f3n inmediata del administrador Misael Cruz Hern\u00e1ndez, a quien acusan de desestabilizar a la localidad, amenazar con no dar el recurso a las localidades y hacer uso il\u00edcito del recurso p\u00fablico.<\/p>\n\n\n\n<p>Explicaron\nque desde el 2017 las autoridades estatales designaron un administrador en la\nzona, luego de conflictos poselectorales que impidieron que la localidad\ncontara con un representante electo, sin embargo, aseguran que esta persona de\nnombre Elmer Cardoza Ojeda s\u00f3lo desestabiliz\u00f3 a las comunidades y amenaz\u00f3 en\ntodo momento de no repartir el recurso a las localidades inconformes e incluso\nse qued\u00f3 con el dinero del pueblo.<\/p>\n\n\n\n<p>As\u00ed mismo, aseguraron\nque de abril a la fecha existe una deuda en la localidad, raz\u00f3n por la que\nexigen a las autoridades pertinentes se realice la auditoria a los recursos\np\u00fablicos, a fin de sancionar a quienes hagan mal uso de este, pese a las\nnecesidades palpables que existen en la zona.&nbsp;\n<\/p>\n\n\n\n<p>\u201cEstos\nadministradores como Elmer Cardoza compran a nuestros mismos paisanos para\nhacer de las suyas, lo cual no s\u00f3lo repercute en el tema econ\u00f3mico, sino que\ndeteriora la convivencia la interior de la localidad\u201d, dijeron en conferencia\nde prensa.<\/p>\n\n\n\n<p>Responsabilizaron\nde lo que pueda llegar a suceder en la zona, al titular de la Secretar\u00eda\nGeneral de Gobierno, H\u00e9ctor Anuar Mafuf Mafud, y Antonio Cabrera de la misma\ndependencia, ya que han recurrido en incontables ocasiones para denunciar la\nsituaci\u00f3n, por lo que pidieron la intervenci\u00f3n del presidente de la Rep\u00fablica,\nAndr\u00e9s Manuel L\u00f3pez Obrador, comprometido con el combate a la corrupci\u00f3n.<\/p>\n\n\n\n<p>\u201cNo queremos\nser m\u00e1s manipulados por las autoridades y los gobiernos, queremos que esta\ndenuncia llegue al presidente de la Rep\u00fablica, Andr\u00e9s Manuel L\u00f3pez Obrador,\npara que actu\u00e9 cuanto antes a favor de la poblaci\u00f3n\u201d, explicaron.<\/p>\n","protected":false},"excerpt":{"rendered":"<p>Redacci\u00f3n\/ Oaxaca de Ju\u00e1rez, Oax., 3 de septiembre de 2019.- Integrantes del Comit\u00e9 Comunitario de&hellip;<\/p>\n","protected":false},"author":2,"featured_media":3648,"comment_status":"closed","ping_status":"open","sticky":false,"template":"","format":"standard","meta":{"_lmt_disableupdate":"","_lmt_disable":"","_jetpack_memberships_contains_paid_content":false,"footnotes":""},"categories":[109,47],"tags":[],"class_list":["post-3647","post","type-post","status-publish","format-standard","has-post-thumbnail","hentry","category-minuto-a-minuto","category-zona-gris"],"jetpack_featured_media_url":"https:\/\/zonaroja.com.mx\/wp-content\/uploads\/2019\/09\/Cho\u00e1pam.jpg","jetpack_sharing_enabled":true,"_links":{"self":[{"href":"https:\/\/zonaroja.com.mx\/index.php?rest_route=\/wp\/v2\/posts\/3647","targetHints":{"allow":["GET"]}}],"collection":[{"href":"https:\/\/zonaroja.com.mx\/index.php?rest_route=\/wp\/v2\/posts"}],"about":[{"href":"https:\/\/zonaroja.com.mx\/index.php?rest_route=\/wp\/v2\/types\/post"}],"author":[{"embeddable":true,"href":"https:\/\/zonaroja.com.mx\/index.php?rest_route=\/wp\/v2\/users\/2"}],"replies":[{"embeddable":true,"href":"https:\/\/zonaroja.com.mx\/index.php?rest_route=%2Fwp%2Fv2%2Fcomments&post=3647"}],"version-history":[{"count":1,"href":"https:\/\/zonaroja.com.mx\/index.php?rest_route=\/wp\/v2\/posts\/3647\/revisions"}],"predecessor-version":[{"id":3649,"href":"https:\/\/zonaroja.com.mx\/index.php?rest_route=\/wp\/v2\/posts\/3647\/revisions\/3649"}],"wp:featuredmedia":[{"embeddable":true,"href":"https:\/\/zonaroja.com.mx\/index.php?rest_route=\/wp\/v2\/media\/3648"}],"wp:attachment":[{"href":"https:\/\/zonaroja.com.mx\/index.php?rest_route=%2Fwp%2Fv2%2Fmedia&parent=3647"}],"wp:term":[{"taxonomy":"category","embeddable":true,"href":"https:\/\/zonaroja.com.mx\/index.php?rest_route=%2Fwp%2Fv2%2Fcategories&post=3647"},{"taxonomy":"post_tag","embeddable":true,"href":"https:\/\/zonaroja.com.mx\/index.php?rest_route=%2Fwp%2Fv2%2Ftags&post=3647"}],"curies":[{"name":"wp","href":"https:\/\/api.w.org\/{rel}","templated":true}]}}