{"id":36474,"date":"2022-01-15T07:47:52","date_gmt":"2022-01-15T13:47:52","guid":{"rendered":"http:\/\/www.zonaroja.com.mx\/?p=36474"},"modified":"2022-01-15T07:47:54","modified_gmt":"2022-01-15T13:47:54","slug":"propone-legislador-del-pan-regular-marchas-y-protestas-en-oaxaca","status":"publish","type":"post","link":"https:\/\/zonaroja.com.mx\/?p=36474","title":{"rendered":"Propone legislador del PAN regular marchas y protestas en Oaxaca"},"content":{"rendered":"\n<p>Redacci\u00f3n\/Zona Roja.<\/p>\n\n\n\n<p>San Raymundo Jalpan, Oax. 15 de enero de 2022.- El Congreso de Oaxaca analiza la Ley de Manifestaciones de Oaxaca con la finalidad de garantizar el respeto a los derechos de todos los ciudadanos.<\/p>\n\n\n\n<p>El proyecto de decreto fue presentado por el diputado del Partido Acci\u00f3n Nacional (PAN), Leonardo D\u00edaz Jim\u00e9nez, y fue turnado a las Comisiones Permanentes Unidas de Administraci\u00f3n P\u00fablica y de Seguridad y Protecci\u00f3n Ciudadana para su an\u00e1lisis y dictamen.<\/p>\n\n\n\n<p>La iniciativa de ley que integra 28 art\u00edculos, propone regular toda manifestaci\u00f3n p\u00fablica para garantizar los derechos de terceras personas como lo es el de la libertad de tr\u00e1nsito, sin afectar los derechos de expresi\u00f3n, reuni\u00f3n y asociaci\u00f3n.<\/p>\n\n\n\n<p>Esto, debido a las afectaciones ocasionadas a la sociedad por los bloqueos, marchas, plantones y protestas a las que han recurrido diversos grupos de personas, quienes se han manifestado en espacios p\u00fablicos y obstruido el libre tr\u00e1nsito en la entidad.<\/p>\n\n\n\n<p>\u00abLas marchas pueden y deben ser reguladas, tal y como han sucedido en otros pa\u00edses en los que se tienen sistemas democr\u00e1ticos muy consolidados. Es decir, la regulaci\u00f3n del ejercicio de los derechos de manifestaci\u00f3n y reuni\u00f3n no es incompatible con la democracia, sino todo lo contrario\u00bb, expone el legislador.<\/p>\n\n\n\n<p>La ley contempla que cada persona a manifestarse en los espacios p\u00fablicos deber\u00e1 de avisar a la administraci\u00f3n p\u00fablica con 72 horas de anticipaci\u00f3n m\u00ednimo, y sin cometer actos vand\u00e1licos durante su protesta.<\/p>\n\n\n\n<p>Las manifestaciones p\u00fablicas s\u00f3lo podr\u00e1n realizarse entre las 11 y las 17 horas, que es el horario con menor afluencia de veh\u00edculos.<\/p>\n\n\n\n<p>La propuesta de ley proh\u00edbe el bloqueo a las vialidades, la retenci\u00f3n de veh\u00edculos, la obstrucci\u00f3n al acceso de las personas a sus centros de trabajo, y los da\u00f1os a bienes o derechos de terceras personas.<\/p>\n\n\n\n<p>Asimismo, otorga facultades a la Secretar\u00eda de Seguridad P\u00fablica (SSP) del estado para que intervenga y garantice el orden, a fin de que se respeten tanto los derechos de los manifestantes como los de los habitantes.<\/p>\n\n\n\n<p>Las sanciones previstas para quienes incumplan la ley son multa, arresto de hasta 36 horas y reparaci\u00f3n del da\u00f1o.<\/p>\n\n\n\n<p>\u00abLa ley es de orden p\u00fablico e inter\u00e9s general y tiene por objeto establecer las bases para el buen uso de los bienes de dominio p\u00fablico y asegurando el pleno respeto de los derechos y las libertades de terceros\u00bb, argumenta el diputado D\u00edaz Jim\u00e9nez.<\/p>\n","protected":false},"excerpt":{"rendered":"<p>Redacci\u00f3n\/Zona Roja. San Raymundo Jalpan, Oax. 15 de enero de 2022.- El Congreso de Oaxaca&hellip;<\/p>\n","protected":false},"author":2,"featured_media":24211,"comment_status":"closed","ping_status":"open","sticky":false,"template":"","format":"standard","meta":{"_lmt_disableupdate":"","_lmt_disable":"","_jetpack_memberships_contains_paid_content":false,"footnotes":""},"categories":[109,46],"tags":[2743],"class_list":["post-36474","post","type-post","status-publish","format-standard","has-post-thumbnail","hentry","category-minuto-a-minuto","category-zona-blanca","tag-65-legislatura-del-estado-de-oaxaca"],"jetpack_featured_media_url":"https:\/\/zonaroja.com.mx\/wp-content\/uploads\/2021\/03\/Marcha-normalistas-Oaxaca.jpg","jetpack_sharing_enabled":true,"_links":{"self":[{"href":"https:\/\/zonaroja.com.mx\/index.php?rest_route=\/wp\/v2\/posts\/36474","targetHints":{"allow":["GET"]}}],"collection":[{"href":"https:\/\/zonaroja.com.mx\/index.php?rest_route=\/wp\/v2\/posts"}],"about":[{"href":"https:\/\/zonaroja.com.mx\/index.php?rest_route=\/wp\/v2\/types\/post"}],"author":[{"embeddable":true,"href":"https:\/\/zonaroja.com.mx\/index.php?rest_route=\/wp\/v2\/users\/2"}],"replies":[{"embeddable":true,"href":"https:\/\/zonaroja.com.mx\/index.php?rest_route=%2Fwp%2Fv2%2Fcomments&post=36474"}],"version-history":[{"count":1,"href":"https:\/\/zonaroja.com.mx\/index.php?rest_route=\/wp\/v2\/posts\/36474\/revisions"}],"predecessor-version":[{"id":36475,"href":"https:\/\/zonaroja.com.mx\/index.php?rest_route=\/wp\/v2\/posts\/36474\/revisions\/36475"}],"wp:featuredmedia":[{"embeddable":true,"href":"https:\/\/zonaroja.com.mx\/index.php?rest_route=\/wp\/v2\/media\/24211"}],"wp:attachment":[{"href":"https:\/\/zonaroja.com.mx\/index.php?rest_route=%2Fwp%2Fv2%2Fmedia&parent=36474"}],"wp:term":[{"taxonomy":"category","embeddable":true,"href":"https:\/\/zonaroja.com.mx\/index.php?rest_route=%2Fwp%2Fv2%2Fcategories&post=36474"},{"taxonomy":"post_tag","embeddable":true,"href":"https:\/\/zonaroja.com.mx\/index.php?rest_route=%2Fwp%2Fv2%2Ftags&post=36474"}],"curies":[{"name":"wp","href":"https:\/\/api.w.org\/{rel}","templated":true}]}}