{"id":36478,"date":"2022-01-15T14:59:43","date_gmt":"2022-01-15T20:59:43","guid":{"rendered":"https:\/\/www.zonaroja.com.mx\/?p=36478"},"modified":"2022-01-15T15:02:35","modified_gmt":"2022-01-15T21:02:35","slug":"hallan-otra-fosa-clandestina-con-restos-humanos-ahora-en-totolapam","status":"publish","type":"post","link":"https:\/\/zonaroja.com.mx\/?p=36478","title":{"rendered":"Hallan otra fosa clandestina con restos humanos, ahora en Totol\u00e1pam"},"content":{"rendered":"\n<p>Redacci\u00f3n\/Zona Roj. <\/p>\n\n\n\n<p>Oaxaca de Ju\u00e1rez, Oax., 15 de enero de 2022.-&nbsp;La Fiscal\u00eda General del Estado de Oaxaca (FGEO) coordin\u00f3 y ejecut\u00f3 un operativo de b\u00fasqueda de personas reportadas como desaparecidas y no localizadas, en la regi\u00f3n de Valles Centrales.<\/p>\n\n\n\n<p>En dicha acci\u00f3n se cont\u00f3 con el apoyo y colaboraci\u00f3n de la Comisi\u00f3n Estatal de B\u00fasqueda de Personas Desaparecidas de Oaxaca, Guardia Nacional, Secretar\u00eda de la Defensa Nacional (Sedena), Secretar\u00eda de Seguridad P\u00fablica de Oaxaca (SSPO), Cruz Roja Mexicana (Delegaci\u00f3n Tlacolula de Matamoros) y de las v\u00edctimas indirectas.<\/p>\n\n\n\n<p>El plan de b\u00fasqueda se realiz\u00f3 este 14 de enero del presente a\u00f1o, en jurisdicci\u00f3n de San Pedro Totol\u00e1pam &nbsp;y fue encabezada por la Vicefiscal\u00eda General de Atenci\u00f3n a V\u00edctimas y a la Sociedad -a trav\u00e9s de su Unidad Especializada en Desaparici\u00f3n Forzada-, contando con el apoyo de elementos de la Agencia Estatal de Investigaciones (AEI) y de personal del Instituto de Servicios Periciales.<\/p>\n\n\n\n<p>Luego de llevarse a cabo las labores de b\u00fasqueda, el equipo multidisciplinario de la FGEO localiz\u00f3 restos \u00f3seos en la referida demarcaci\u00f3n, que ser\u00e1n sometidos a estudios de gen\u00e9tica forense para determinar la identidad de la v\u00edctima y las causas de su fallecimiento.<\/p>\n\n\n\n<p>La Fiscal\u00eda General redobla esfuerzos en la b\u00fasqueda y localizaci\u00f3n de personas desaparecidas en la entidad, realizando investigaciones exhaustivas que permitan dar con su paradero.<\/p>\n","protected":false},"excerpt":{"rendered":"<p>Redacci\u00f3n\/Zona Roj. Oaxaca de Ju\u00e1rez, Oax., 15 de enero de 2022.-&nbsp;La Fiscal\u00eda General del Estado&hellip;<\/p>\n","protected":false},"author":2,"featured_media":36477,"comment_status":"closed","ping_status":"open","sticky":false,"template":"","format":"standard","meta":{"_lmt_disableupdate":"","_lmt_disable":"","_jetpack_memberships_contains_paid_content":false,"footnotes":""},"categories":[109,46],"tags":[],"class_list":["post-36478","post","type-post","status-publish","format-standard","has-post-thumbnail","hentry","category-minuto-a-minuto","category-zona-blanca"],"jetpack_featured_media_url":"https:\/\/zonaroja.com.mx\/wp-content\/uploads\/2022\/01\/img_6982.jpg","jetpack_sharing_enabled":true,"_links":{"self":[{"href":"https:\/\/zonaroja.com.mx\/index.php?rest_route=\/wp\/v2\/posts\/36478","targetHints":{"allow":["GET"]}}],"collection":[{"href":"https:\/\/zonaroja.com.mx\/index.php?rest_route=\/wp\/v2\/posts"}],"about":[{"href":"https:\/\/zonaroja.com.mx\/index.php?rest_route=\/wp\/v2\/types\/post"}],"author":[{"embeddable":true,"href":"https:\/\/zonaroja.com.mx\/index.php?rest_route=\/wp\/v2\/users\/2"}],"replies":[{"embeddable":true,"href":"https:\/\/zonaroja.com.mx\/index.php?rest_route=%2Fwp%2Fv2%2Fcomments&post=36478"}],"version-history":[{"count":1,"href":"https:\/\/zonaroja.com.mx\/index.php?rest_route=\/wp\/v2\/posts\/36478\/revisions"}],"predecessor-version":[{"id":36479,"href":"https:\/\/zonaroja.com.mx\/index.php?rest_route=\/wp\/v2\/posts\/36478\/revisions\/36479"}],"wp:featuredmedia":[{"embeddable":true,"href":"https:\/\/zonaroja.com.mx\/index.php?rest_route=\/wp\/v2\/media\/36477"}],"wp:attachment":[{"href":"https:\/\/zonaroja.com.mx\/index.php?rest_route=%2Fwp%2Fv2%2Fmedia&parent=36478"}],"wp:term":[{"taxonomy":"category","embeddable":true,"href":"https:\/\/zonaroja.com.mx\/index.php?rest_route=%2Fwp%2Fv2%2Fcategories&post=36478"},{"taxonomy":"post_tag","embeddable":true,"href":"https:\/\/zonaroja.com.mx\/index.php?rest_route=%2Fwp%2Fv2%2Ftags&post=36478"}],"curies":[{"name":"wp","href":"https:\/\/api.w.org\/{rel}","templated":true}]}}