{"id":36484,"date":"2022-01-15T17:20:59","date_gmt":"2022-01-15T23:20:59","guid":{"rendered":"http:\/\/www.zonaroja.com.mx\/?p=36484"},"modified":"2022-01-15T17:21:01","modified_gmt":"2022-01-15T23:21:01","slug":"la-uabjo-y-consorcio-oaxaca-fomentan-los-juicios-con-enfoque-feminista","status":"publish","type":"post","link":"https:\/\/zonaroja.com.mx\/?p=36484","title":{"rendered":"La UABJO y Consorcio Oaxaca fomentan los juicios con enfoque feminista"},"content":{"rendered":"\n<p>Redacci\u00f3n\/Zona Roja.<\/p>\n\n\n\n<p>Oaxaca de Ju\u00e1rez, Oax., 15 de enero de 2022.- A mediados del pasado mes de diciembre, concluy\u00f3 el diplomado \u201cLa incorporaci\u00f3n de la perspectiva feminista en el litigio estrat\u00e9gico en casos de violencia feminicida\u201d, un programa de educaci\u00f3n continua que surgi\u00f3 tras la firma del convenio de colaboraci\u00f3n entre la Universidad Aut\u00f3noma \u201cBenito Ju\u00e1rez\u201d de Oaxaca (UABJO) y la Asociaci\u00f3n Civil Consorcio para el Di\u00e1logo Parlamentario y la Equidad.<\/p>\n\n\n\n<p>Dicho programa fue impartido en aulas del Centro de Educaci\u00f3n Continua, Abierta y a Distancia de nuestra Universidad (CECAD-UABJO), ante la gravedad de la realidad social actual que viven las mujeres en materia de equidad de g\u00e9nero, justicia y derechos humanos.<\/p>\n\n\n\n<p>De esta manera, se abordaron diversos temas entre los que destacan: los marcos legales estatales, nacionales e internacionales, as\u00ed como los est\u00e1ndares y sentencias de la Corte Interamericana de Derechos Humanos (CIDH), entre otros.<\/p>\n\n\n\n<p>Como resultado de las actividades, se desarrollaron estrategias para prevenir la violencia de g\u00e9nero y se cre\u00f3 una biblioteca virtual con documentos que buscan transformar las relaciones desiguales entre hombres y mujeres.<\/p>\n\n\n\n<p>Luego de tres meses, se realiz\u00f3 la clausura de este programa formativo con la presencia del director del CECAD, Edwin Nazaret Le\u00f3n Jim\u00e9nez, quien, en representaci\u00f3n del rector Eduardo Bautista Mart\u00ednez, felicit\u00f3 a las y los participantes.<\/p>\n\n\n\n<p>\u201cTenemos cuentas pendientes con la sociedad, uno de los retos es buscar la igualdad y librar de violencia el \u00e1mbito jur\u00eddico para las mujeres. Con la culminaci\u00f3n de este diplomado se avanza en un \u00e1rea importante como lo es la impartici\u00f3n de la justicia\u201d, se\u00f1al\u00f3 en su mensaje el Director del CECAD, quien destac\u00f3 la importancia de continuar con una segunda edici\u00f3n de este programa.<\/p>\n\n\n\n<p>Lo anterior, durante la ceremonia de entrega de reconocimientos a las y los juristas que participaron, en donde estuvo acompa\u00f1ado la representante del equipo directivo de Consorcio Oaxaca, Y\u00e9sica S\u00e1nchez Maya, quien en su intervenci\u00f3n se\u00f1al\u00f3 que dicho programa busc\u00f3 insertar una mirada humanista y feminista en el derecho.<\/p>\n\n\n\n<p>En el acto de clausura estuvieron presentes tambi\u00e9n, quien fue presidenta de la Comisi\u00f3n de Derechos Humanos de la 64 Legislatura del Estado, Magaly L\u00f3pez Dom\u00ednguez, la integrante de la Asociaci\u00f3n Civil \u201cAcademia, Litigio Estrat\u00e9gico e Incidencia en Derechos Humanos\u201d, Patricia Bedolla Morelos, y el miembro de \u201cJusticia, Derechos Humanos y G\u00e9nero AC\u201d, Rodolfo Dom\u00ednguez M\u00e1rquez, quienes fueron ponentes del diplomado.<\/p>\n","protected":false},"excerpt":{"rendered":"<p>Redacci\u00f3n\/Zona Roja. Oaxaca de Ju\u00e1rez, Oax., 15 de enero de 2022.- A mediados del pasado&hellip;<\/p>\n","protected":false},"author":2,"featured_media":36485,"comment_status":"closed","ping_status":"open","sticky":false,"template":"","format":"standard","meta":{"_lmt_disableupdate":"","_lmt_disable":"","_jetpack_memberships_contains_paid_content":false,"footnotes":""},"categories":[109,47],"tags":[1093],"class_list":["post-36484","post","type-post","status-publish","format-standard","has-post-thumbnail","hentry","category-minuto-a-minuto","category-zona-gris","tag-consorcio-para-el-dialogo-oaxaca"],"jetpack_featured_media_url":"https:\/\/zonaroja.com.mx\/wp-content\/uploads\/2022\/01\/Consorcio-y-UABJO.jpg","jetpack_sharing_enabled":true,"_links":{"self":[{"href":"https:\/\/zonaroja.com.mx\/index.php?rest_route=\/wp\/v2\/posts\/36484","targetHints":{"allow":["GET"]}}],"collection":[{"href":"https:\/\/zonaroja.com.mx\/index.php?rest_route=\/wp\/v2\/posts"}],"about":[{"href":"https:\/\/zonaroja.com.mx\/index.php?rest_route=\/wp\/v2\/types\/post"}],"author":[{"embeddable":true,"href":"https:\/\/zonaroja.com.mx\/index.php?rest_route=\/wp\/v2\/users\/2"}],"replies":[{"embeddable":true,"href":"https:\/\/zonaroja.com.mx\/index.php?rest_route=%2Fwp%2Fv2%2Fcomments&post=36484"}],"version-history":[{"count":1,"href":"https:\/\/zonaroja.com.mx\/index.php?rest_route=\/wp\/v2\/posts\/36484\/revisions"}],"predecessor-version":[{"id":36486,"href":"https:\/\/zonaroja.com.mx\/index.php?rest_route=\/wp\/v2\/posts\/36484\/revisions\/36486"}],"wp:featuredmedia":[{"embeddable":true,"href":"https:\/\/zonaroja.com.mx\/index.php?rest_route=\/wp\/v2\/media\/36485"}],"wp:attachment":[{"href":"https:\/\/zonaroja.com.mx\/index.php?rest_route=%2Fwp%2Fv2%2Fmedia&parent=36484"}],"wp:term":[{"taxonomy":"category","embeddable":true,"href":"https:\/\/zonaroja.com.mx\/index.php?rest_route=%2Fwp%2Fv2%2Fcategories&post=36484"},{"taxonomy":"post_tag","embeddable":true,"href":"https:\/\/zonaroja.com.mx\/index.php?rest_route=%2Fwp%2Fv2%2Ftags&post=36484"}],"curies":[{"name":"wp","href":"https:\/\/api.w.org\/{rel}","templated":true}]}}