{"id":36487,"date":"2022-01-15T17:36:18","date_gmt":"2022-01-15T23:36:18","guid":{"rendered":"http:\/\/www.zonaroja.com.mx\/?p=36487"},"modified":"2022-01-16T07:10:04","modified_gmt":"2022-01-16T13:10:04","slug":"refuerza-unidad-basica-de-rehabilitacion-servicio-ninez-de-santa-lucia-del-camino","status":"publish","type":"post","link":"https:\/\/zonaroja.com.mx\/?p=36487","title":{"rendered":"Refuerza Unidad B\u00e1sica de Rehabilitaci\u00f3n servicio ni\u00f1ez de Santa Luc\u00eda del Camino"},"content":{"rendered":"\n<p>Redacci\u00f3n\/Zona Roja.<\/p>\n\n\n\n<p>Oaxaca de Ju\u00e1rez, Oax., 15 de enero de 2022.- La Unidad B\u00e1sica de Rehabilitaci\u00f3n (UBR) tiene como premisa velar por la salud de las y los habitantes de Santa Luc\u00eda del Camino, es por eso que mantiene un servicio de puertas abiertas, para que las personas tengan la oportunidad de mejorar su calidad de vida a trav\u00e9s de una atenci\u00f3n profesional y personalizada.<\/p>\n\n\n\n<p>En este gobierno, la UBR busca potenciar el \u00e1rea de Estimulaci\u00f3n Temprana, donde se atiende a ni\u00f1as y ni\u00f1os de 0 a 12 a\u00f1os de edad, que tienen alg\u00fan problema en temas de lenguaje y neurodesarrollo y que a trav\u00e9s de terapias podr\u00e1n tener una mejor vida.<\/p>\n\n\n\n<p>Dichas actividades, sirven para estimular sus sentidos y mejorar su crecimiento, aportando un grano de arena en el bienestar de quienes requieren este servicio; En este sentido; el Presidente Municipal; Juan Carlos Garc\u00eda M\u00e1rquez invita a las y los ciudadanos de Santa Luc\u00eda del Camino a acercarse con sus infantes a la UBR, agendando una cita al tel\u00e9fono 951 657 19 46.<\/p>\n\n\n\n<p>El Ayuntamiento de Santa Luc\u00eda del Camino, de la mano de Juan Carlos Garc\u00eda M\u00e1rquez, seguir\u00e1 trabajando por el bienestar que sus habitantes merecen, conscientes que el servicio al pueblo es la mejor v\u00eda para lograrlo.<\/p>\n\n\n\n<p>ACCIONES DE SEGURIDAD<\/p>\n\n\n\n<p>Por otra parte, como parte de sus trabajos para salvaguardar la paz en el municipio de Santa Luc\u00eda del Camino, elementos de seguridad municipal realizan constantemente recorridos de vigilancia.<\/p>\n\n\n\n<p>En uno de ellos, polic\u00edas municipales detuvieron a dos sujetos a bordo de una motocicleta, y que se encontraban parados en la calle Mil\u00e1n, esquina con la avenida del Rosario, en la colonia Roma.<\/p>\n\n\n\n<p>Los sujetos, al notar la presencia de los elementos de seguridad, tomaron una actitud nervios y evasiva, y uno de ellos encendi\u00f3 la motocicleta en la que viajaban, al momento en que los uniformados se acercaron.<\/p>\n\n\n\n<p>Ante el intento de fuga, los polic\u00edas municipales les marcaron el alto, lo que provoc\u00f3 que los sujetos tomaran una actitud agresiva hacia los uniformados, abalanz\u00e1ndose a golpes hacia \u00e9stos, e insult\u00e1ndolos con palabras altisonantes.<\/p>\n\n\n\n<p>Tal hecho provoc\u00f3 que los polic\u00edas solicitaran apoyo de sus compa\u00f1eros, arribando minutos m\u00e1s tarde al lugar, quienes efectuaron la detenci\u00f3n de los sujetos identificados como F\u00e9lix A. A., de 26 a\u00f1os de edad; y V\u00edctor H. S. G., de 24 a\u00f1os.<\/p>\n\n\n\n<p>Igualmente, los polic\u00edas municipales aseguraron la motocicleta marca Bajaj color negro, con placas de circulaci\u00f3n 01MPC5 del estado de Guerrero; con n\u00famero de serie MD2A36FZ1G6B03079.<\/p>\n\n\n\n<p>Adem\u00e1s de ser acusados del delito de resistencia de particulares, la Polic\u00eda Municipal de Santa Luc\u00eda del Camino inform\u00f3 que los sujetos fueron identificados como presuntos responsables de aproximadamente 70 robos a comercios en la zona y municipios de Valles Centrales.<\/p>\n\n\n\n<p>Por ello, tanto los detenidos como la motocicleta asegurada, fueron puestos a disposici\u00f3n de la Fiscal\u00eda General del Estado de Oaxaca, para el proceso correspondiente y esclarecer su situaci\u00f3n jur\u00eddica.<\/p>\n","protected":false},"excerpt":{"rendered":"<p>Redacci\u00f3n\/Zona Roja. Oaxaca de Ju\u00e1rez, Oax., 15 de enero de 2022.- La Unidad B\u00e1sica de&hellip;<\/p>\n","protected":false},"author":2,"featured_media":36488,"comment_status":"closed","ping_status":"open","sticky":false,"template":"","format":"standard","meta":{"_lmt_disableupdate":"","_lmt_disable":"","_jetpack_memberships_contains_paid_content":false,"footnotes":""},"categories":[109,46],"tags":[2533],"class_list":["post-36487","post","type-post","status-publish","format-standard","has-post-thumbnail","hentry","category-minuto-a-minuto","category-zona-blanca","tag-juan-carlos-garcia-marquez"],"jetpack_featured_media_url":"https:\/\/zonaroja.com.mx\/wp-content\/uploads\/2022\/01\/Santa-Lucia-del-Camino-UBR.jpg","jetpack_sharing_enabled":true,"_links":{"self":[{"href":"https:\/\/zonaroja.com.mx\/index.php?rest_route=\/wp\/v2\/posts\/36487","targetHints":{"allow":["GET"]}}],"collection":[{"href":"https:\/\/zonaroja.com.mx\/index.php?rest_route=\/wp\/v2\/posts"}],"about":[{"href":"https:\/\/zonaroja.com.mx\/index.php?rest_route=\/wp\/v2\/types\/post"}],"author":[{"embeddable":true,"href":"https:\/\/zonaroja.com.mx\/index.php?rest_route=\/wp\/v2\/users\/2"}],"replies":[{"embeddable":true,"href":"https:\/\/zonaroja.com.mx\/index.php?rest_route=%2Fwp%2Fv2%2Fcomments&post=36487"}],"version-history":[{"count":1,"href":"https:\/\/zonaroja.com.mx\/index.php?rest_route=\/wp\/v2\/posts\/36487\/revisions"}],"predecessor-version":[{"id":36489,"href":"https:\/\/zonaroja.com.mx\/index.php?rest_route=\/wp\/v2\/posts\/36487\/revisions\/36489"}],"wp:featuredmedia":[{"embeddable":true,"href":"https:\/\/zonaroja.com.mx\/index.php?rest_route=\/wp\/v2\/media\/36488"}],"wp:attachment":[{"href":"https:\/\/zonaroja.com.mx\/index.php?rest_route=%2Fwp%2Fv2%2Fmedia&parent=36487"}],"wp:term":[{"taxonomy":"category","embeddable":true,"href":"https:\/\/zonaroja.com.mx\/index.php?rest_route=%2Fwp%2Fv2%2Fcategories&post=36487"},{"taxonomy":"post_tag","embeddable":true,"href":"https:\/\/zonaroja.com.mx\/index.php?rest_route=%2Fwp%2Fv2%2Ftags&post=36487"}],"curies":[{"name":"wp","href":"https:\/\/api.w.org\/{rel}","templated":true}]}}