{"id":36490,"date":"2022-01-16T07:11:02","date_gmt":"2022-01-16T13:11:02","guid":{"rendered":"http:\/\/www.zonaroja.com.mx\/?p=36490"},"modified":"2022-01-16T07:11:06","modified_gmt":"2022-01-16T13:11:06","slug":"avanzan-obras-del-centro-cultural-alvaro-carrillo-de-oaxaca","status":"publish","type":"post","link":"https:\/\/zonaroja.com.mx\/?p=36490","title":{"rendered":"Avanzan obras del Centro Cultural \u201c\u00c1lvaro Carrillo\u201d de Oaxaca"},"content":{"rendered":"\n<p>Redacci\u00f3n\/Zona Roja.<\/p>\n\n\n\n<p>Oaxaca de Ju\u00e1rez, Oax,, 16 de enero de 2022.- Las obras de construcci\u00f3n del Centro Cultural \u201c\u00c1lvaro Carrillo\u201d avanzan y se prev\u00e9n concluir en medio a\u00f1o.<\/p>\n\n\n\n<p>De acuerdo con datos de la Secretar\u00eda de las Infraestructuras y Ordenamiento Territorial (Sinfra), contar\u00e1 con una construcci\u00f3n de m\u00e1s de 10 mil metros cuadrados, albergando dos salas de cine con capacidad entre 120 y 150 asistentes, dos salas de exposici\u00f3n de gran altura con potencial de convertirse en cuatro.<\/p>\n\n\n\n<p>Adem\u00e1s de un complejo teatral con aforo de 800 a mil 087 asistentes, el cual podr\u00e1 utilizarse como escenario de auditorio y como teatro; tambi\u00e9n contar\u00e1 con una zona para talleres, \u00e1rea comercial, tienda del museo, cafeter\u00eda y estacionamiento.<\/p>\n\n\n\n<p>Con este complejo cultural, Oaxaca se colocar\u00e1 a\u00fan m\u00e1s, como un destino tur\u00edstico que lo tiene todo; gracias al trabajo del gobernador Alejandro Murat Hinojosa, turistas nacionales y extranjeros, as\u00ed como familias oaxaque\u00f1as, podr\u00e1n disfrutar de un complejo cultural de primer nivel, a la altura de los mejores del pa\u00eds.<\/p>\n\n\n\n<p>\u201cDonde se podr\u00e1 disfrutar de exposiciones art\u00edsticas, culturales y propiamente de promoci\u00f3n tur\u00edstica\u201d, asent\u00f3 Javier Lazcano Vargas, titular de Sinfra, durante una reciente visita de supervisi\u00f3n, junto con la presidenta del DIF Oaxaca, Ivette Mor\u00e1n de Murat.<\/p>\n\n\n\n<p>El funcionario indic\u00f3 que con acciones de planeaci\u00f3n e inversi\u00f3n en infraestructura estrat\u00e9gica, el gobierno fortalece el incremento de la competitividad, turismo y desarrollo econ\u00f3mico del estado de Oaxaca, al mismo tiempo, de vincular a todos los sectores sociales de una forma participativa, integral e incluyente, para el beneficio de las y los oaxaque\u00f1os.<\/p>\n","protected":false},"excerpt":{"rendered":"<p>Redacci\u00f3n\/Zona Roja. Oaxaca de Ju\u00e1rez, Oax,, 16 de enero de 2022.- Las obras de construcci\u00f3n&hellip;<\/p>\n","protected":false},"author":2,"featured_media":36491,"comment_status":"closed","ping_status":"open","sticky":false,"template":"","format":"standard","meta":{"_lmt_disableupdate":"","_lmt_disable":"","_jetpack_memberships_contains_paid_content":false,"footnotes":""},"categories":[109,46],"tags":[1915],"class_list":["post-36490","post","type-post","status-publish","format-standard","has-post-thumbnail","hentry","category-minuto-a-minuto","category-zona-blanca","tag-secretaria-de-las-infraestructuras-y-ordenamiento-territorial-sinfra"],"jetpack_featured_media_url":"https:\/\/zonaroja.com.mx\/wp-content\/uploads\/2022\/01\/Centro-Cultural-Alvaro-Carrillo.jpeg","jetpack_sharing_enabled":true,"_links":{"self":[{"href":"https:\/\/zonaroja.com.mx\/index.php?rest_route=\/wp\/v2\/posts\/36490","targetHints":{"allow":["GET"]}}],"collection":[{"href":"https:\/\/zonaroja.com.mx\/index.php?rest_route=\/wp\/v2\/posts"}],"about":[{"href":"https:\/\/zonaroja.com.mx\/index.php?rest_route=\/wp\/v2\/types\/post"}],"author":[{"embeddable":true,"href":"https:\/\/zonaroja.com.mx\/index.php?rest_route=\/wp\/v2\/users\/2"}],"replies":[{"embeddable":true,"href":"https:\/\/zonaroja.com.mx\/index.php?rest_route=%2Fwp%2Fv2%2Fcomments&post=36490"}],"version-history":[{"count":1,"href":"https:\/\/zonaroja.com.mx\/index.php?rest_route=\/wp\/v2\/posts\/36490\/revisions"}],"predecessor-version":[{"id":36492,"href":"https:\/\/zonaroja.com.mx\/index.php?rest_route=\/wp\/v2\/posts\/36490\/revisions\/36492"}],"wp:featuredmedia":[{"embeddable":true,"href":"https:\/\/zonaroja.com.mx\/index.php?rest_route=\/wp\/v2\/media\/36491"}],"wp:attachment":[{"href":"https:\/\/zonaroja.com.mx\/index.php?rest_route=%2Fwp%2Fv2%2Fmedia&parent=36490"}],"wp:term":[{"taxonomy":"category","embeddable":true,"href":"https:\/\/zonaroja.com.mx\/index.php?rest_route=%2Fwp%2Fv2%2Fcategories&post=36490"},{"taxonomy":"post_tag","embeddable":true,"href":"https:\/\/zonaroja.com.mx\/index.php?rest_route=%2Fwp%2Fv2%2Ftags&post=36490"}],"curies":[{"name":"wp","href":"https:\/\/api.w.org\/{rel}","templated":true}]}}