{"id":36493,"date":"2022-01-16T07:22:58","date_gmt":"2022-01-16T13:22:58","guid":{"rendered":"http:\/\/www.zonaroja.com.mx\/?p=36493"},"modified":"2022-01-16T07:23:00","modified_gmt":"2022-01-16T13:23:00","slug":"destaca-oaxaca-como-uno-de-los-estados-con-menos-empleos-formales-en-2021","status":"publish","type":"post","link":"https:\/\/zonaroja.com.mx\/?p=36493","title":{"rendered":"Destaca Oaxaca como uno de los estados con menos empleos formales en 2021"},"content":{"rendered":"\n<p>Yuridiana Sosa\/Zona Roja.<\/p>\n\n\n\n<p>Oaxaca de Ju\u00e1rez, Oax., 16 de enero de 2022.- La generaci\u00f3n de menos de dos mil empleos formales en Oaxaca durante el a\u00f1o 2021 fue insuficiente para que la entidad recupera la estabilidad laboral que perdi\u00f3 durante el primer a\u00f1o de la pandemia.<\/p>\n\n\n\n<p>De acuerdo a un an\u00e1lisis publicado por el diario \u201cEl Economista\u201d, con base en datos de la Secretar\u00eda de Trabajo y Previsi\u00f3n Social, Oaxaca se encuentra entre las siete \u00fanicas entidades con una baja en el n\u00famero de asegurados ante el Instituto Mexicano del Seguro Social (IMSS) en el a\u00f1o que reci\u00e9n termin\u00f3.<\/p>\n\n\n\n<p>Los dos mil 209 empleos generados en Oaxaca durante el 2021 fueron insuficientes para compensar las bajas que se registraron en el 2020, cuando se perdieron cuatro mil 17 plazas, acusando un d\u00e9ficit s\u00f3lo la creaci\u00f3n de mil 608 empleos en el transcurso de dos a\u00f1os.<\/p>\n\n\n\n<p>Junto con Oaxaca, los estados con menor generaci\u00f3n de empleos formales fueron Quintana Roo, Veracruz, Campeche, Puebla, Guerrero y Ciudad de M\u00e9xico, con hasta m\u00e1s de 150 mil menos empleos formales.<\/p>\n\n\n\n<p>El an\u00e1lisis, publicado a principios de este mes, demostr\u00f3 que los estados con mayor creaci\u00f3n formal de empleos fueron Baja California al pasar de 27 mil 952 en 2020 a 57 mil 550 en 2021, as\u00ed como Nuevo Le\u00f3n, que registr\u00f3 22 mil 521 en 2020 y 86 mil 364 en el 2021.<\/p>\n\n\n\n<p>Entre otros estados que sobresalieron con n\u00famero positivos en este \u00e1mbito fueron Chihuahua, Jalisco y Tabasco.<\/p>\n\n\n\n<p>El medio nacional inform\u00f3 que en total a nivel nacional se registr\u00f3 un saldo positivo de 198 mil 706 empleos formales.<\/p>\n","protected":false},"excerpt":{"rendered":"<p>Yuridiana Sosa\/Zona Roja. Oaxaca de Ju\u00e1rez, Oax., 16 de enero de 2022.- La generaci\u00f3n de&hellip;<\/p>\n","protected":false},"author":2,"featured_media":22685,"comment_status":"closed","ping_status":"open","sticky":false,"template":"","format":"standard","meta":{"_lmt_disableupdate":"","_lmt_disable":"","_jetpack_memberships_contains_paid_content":false,"footnotes":""},"categories":[109,47],"tags":[],"class_list":["post-36493","post","type-post","status-publish","format-standard","has-post-thumbnail","hentry","category-minuto-a-minuto","category-zona-gris"],"jetpack_featured_media_url":"https:\/\/zonaroja.com.mx\/wp-content\/uploads\/2021\/01\/Empleos.jpg","jetpack_sharing_enabled":true,"_links":{"self":[{"href":"https:\/\/zonaroja.com.mx\/index.php?rest_route=\/wp\/v2\/posts\/36493","targetHints":{"allow":["GET"]}}],"collection":[{"href":"https:\/\/zonaroja.com.mx\/index.php?rest_route=\/wp\/v2\/posts"}],"about":[{"href":"https:\/\/zonaroja.com.mx\/index.php?rest_route=\/wp\/v2\/types\/post"}],"author":[{"embeddable":true,"href":"https:\/\/zonaroja.com.mx\/index.php?rest_route=\/wp\/v2\/users\/2"}],"replies":[{"embeddable":true,"href":"https:\/\/zonaroja.com.mx\/index.php?rest_route=%2Fwp%2Fv2%2Fcomments&post=36493"}],"version-history":[{"count":1,"href":"https:\/\/zonaroja.com.mx\/index.php?rest_route=\/wp\/v2\/posts\/36493\/revisions"}],"predecessor-version":[{"id":36494,"href":"https:\/\/zonaroja.com.mx\/index.php?rest_route=\/wp\/v2\/posts\/36493\/revisions\/36494"}],"wp:featuredmedia":[{"embeddable":true,"href":"https:\/\/zonaroja.com.mx\/index.php?rest_route=\/wp\/v2\/media\/22685"}],"wp:attachment":[{"href":"https:\/\/zonaroja.com.mx\/index.php?rest_route=%2Fwp%2Fv2%2Fmedia&parent=36493"}],"wp:term":[{"taxonomy":"category","embeddable":true,"href":"https:\/\/zonaroja.com.mx\/index.php?rest_route=%2Fwp%2Fv2%2Fcategories&post=36493"},{"taxonomy":"post_tag","embeddable":true,"href":"https:\/\/zonaroja.com.mx\/index.php?rest_route=%2Fwp%2Fv2%2Ftags&post=36493"}],"curies":[{"name":"wp","href":"https:\/\/api.w.org\/{rel}","templated":true}]}}