{"id":36509,"date":"2022-01-16T18:27:19","date_gmt":"2022-01-17T00:27:19","guid":{"rendered":"http:\/\/www.zonaroja.com.mx\/?p=36509"},"modified":"2022-01-16T18:27:21","modified_gmt":"2022-01-17T00:27:21","slug":"designan-a-javier-villacana-como-secretario-de-organizacion-del-pri","status":"publish","type":"post","link":"https:\/\/zonaroja.com.mx\/?p=36509","title":{"rendered":"Designan a Javier Villaca\u00f1a como secretario de Organizaci\u00f3n del PRI"},"content":{"rendered":"\n<p>Redacci\u00f3n\/Zona Roja.<\/p>\n\n\n\n<p>Oaxaca de Ju\u00e1rez, Oax.,,16 de enero de 2022.- El presidente del Comit\u00e9 Directivo Estatal del PRI, Eviel P\u00e9rez Maga\u00f1a, design\u00f3 a Javier Villaca\u00f1a Jim\u00e9nez como secretario de Organizaci\u00f3n.<\/p>\n\n\n\n<p>Asimismo, a Lizbeth Concha Ojeda como secretaria de Operaci\u00f3n Pol\u00edtica, inform\u00f3 el partido en un comunicado de prensa.<\/p>\n\n\n\n<p>Los cambios, agreg\u00f3, \u201cse dan en el marco del proceso electoral que se avecina (sic) y de acuerdo a las definiciones internas del PRI para elegir a su candidato o candidata al gobierno de Oaxaca\u201d.<\/p>\n\n\n\n<p>Destac\u00f3 que los priistas est\u00e1n preparados para hacerle frente a una elecci\u00f3n en la que se definir\u00e1 el futuro de Oaxaca y sus ciudadanos, \u201cpor lo que la militancia del tricolor se declara lista, preparada, con muchas ganas y sobre todo con unidad\u201d.<\/p>\n\n\n\n<p>Desde el pasado viernes, tras una reuni\u00f3n de priistas oaxaque\u00f1os, se difundi\u00f3 de manera extraoficial que Villaca\u00f1a Jim\u00e9nez ser\u00eda nombrado dirigente estatal del partido.<\/p>\n\n\n\n<p>Asimismo, que Alejandro Avil\u00e9s \u00c1lvarez ser\u00eda el candidato a la gubernatura por parte del PRI, esto \u00faltimo lo cual no ha sido confirmado oficialmente.<\/p>\n","protected":false},"excerpt":{"rendered":"<p>Redacci\u00f3n\/Zona Roja. Oaxaca de Ju\u00e1rez, Oax.,,16 de enero de 2022.- El presidente del Comit\u00e9 Directivo&hellip;<\/p>\n","protected":false},"author":2,"featured_media":28254,"comment_status":"closed","ping_status":"open","sticky":false,"template":"","format":"standard","meta":{"_lmt_disableupdate":"","_lmt_disable":"","_jetpack_memberships_contains_paid_content":false,"footnotes":""},"categories":[109,46],"tags":[2456],"class_list":["post-36509","post","type-post","status-publish","format-standard","has-post-thumbnail","hentry","category-minuto-a-minuto","category-zona-blanca","tag-javier-villacana-jimenez"],"jetpack_featured_media_url":"https:\/\/zonaroja.com.mx\/wp-content\/uploads\/2021\/06\/c9a7f27b-db02-477a-9fad-2bf3b08c7055.jpg","jetpack_sharing_enabled":true,"_links":{"self":[{"href":"https:\/\/zonaroja.com.mx\/index.php?rest_route=\/wp\/v2\/posts\/36509","targetHints":{"allow":["GET"]}}],"collection":[{"href":"https:\/\/zonaroja.com.mx\/index.php?rest_route=\/wp\/v2\/posts"}],"about":[{"href":"https:\/\/zonaroja.com.mx\/index.php?rest_route=\/wp\/v2\/types\/post"}],"author":[{"embeddable":true,"href":"https:\/\/zonaroja.com.mx\/index.php?rest_route=\/wp\/v2\/users\/2"}],"replies":[{"embeddable":true,"href":"https:\/\/zonaroja.com.mx\/index.php?rest_route=%2Fwp%2Fv2%2Fcomments&post=36509"}],"version-history":[{"count":1,"href":"https:\/\/zonaroja.com.mx\/index.php?rest_route=\/wp\/v2\/posts\/36509\/revisions"}],"predecessor-version":[{"id":36510,"href":"https:\/\/zonaroja.com.mx\/index.php?rest_route=\/wp\/v2\/posts\/36509\/revisions\/36510"}],"wp:featuredmedia":[{"embeddable":true,"href":"https:\/\/zonaroja.com.mx\/index.php?rest_route=\/wp\/v2\/media\/28254"}],"wp:attachment":[{"href":"https:\/\/zonaroja.com.mx\/index.php?rest_route=%2Fwp%2Fv2%2Fmedia&parent=36509"}],"wp:term":[{"taxonomy":"category","embeddable":true,"href":"https:\/\/zonaroja.com.mx\/index.php?rest_route=%2Fwp%2Fv2%2Fcategories&post=36509"},{"taxonomy":"post_tag","embeddable":true,"href":"https:\/\/zonaroja.com.mx\/index.php?rest_route=%2Fwp%2Fv2%2Ftags&post=36509"}],"curies":[{"name":"wp","href":"https:\/\/api.w.org\/{rel}","templated":true}]}}