{"id":36519,"date":"2022-01-16T19:27:44","date_gmt":"2022-01-17T01:27:44","guid":{"rendered":"http:\/\/www.zonaroja.com.mx\/?p=36519"},"modified":"2022-01-16T19:27:46","modified_gmt":"2022-01-17T01:27:46","slug":"hallan-3-cuerpos-calcinados-en-oaxaca-podrian-ser-jovenes-desaparecidos","status":"publish","type":"post","link":"https:\/\/zonaroja.com.mx\/?p=36519","title":{"rendered":"Hallan 3 cuerpos calcinados en Oaxaca; podr\u00edan ser j\u00f3venes desaparecidos"},"content":{"rendered":"\n<p>Ismael Garc\u00eda M.\/Zona Roja.<\/p>\n\n\n\n<p>Oaxaca de Ju\u00e1rez, Oax., 16 de enero de 2022.- Tres cuerpos calcinados fueron hallados anoche en una camioneta, tambi\u00e9n incendiada en su totalidad, en jurisdicci\u00f3n de San Andr\u00e9s Zautla, municipio del distrito de Etla, Oaxaca.<\/p>\n\n\n\n<p>Las v\u00edctimas podr\u00edan ser tres j\u00f3venes reportados como desaparecidos desde el pasado mi\u00e9rcoles en jurisdicci\u00f3n de San Mart\u00edn Mexic\u00e1pam, ciudad de Oaxaca, junto con una camioneta marca Nissan, con placas de circulaci\u00f3n RX-90352.<\/p>\n\n\n\n<p>De acuerdo con reportes policiacos, el hallazgo ocurri\u00f3 anoche en la colonia Tierra y Libertad. Personal de la Fiscal\u00eda General del Estado hizo el levantamiento del cuerpo como de las evidencias y realiza las pruebas correspondientes para identificar los cad\u00e1veres.<\/p>\n\n\n\n<p>Seg\u00fan las primeras indagatorias, las v\u00edctimas podr\u00edan ser Julio C\u00e9sar, de 25 a\u00f1os; Juan Carlos, de 20 a\u00f1os y Alan, de 40 a\u00f1os de edad.<\/p>\n\n\n\n<p>Fueron reportados como desaparecidos desde el pasado mi\u00e9rcoles, a bordo de una camioneta color gris, marca Nissan, y presuntamente se dirig\u00edan a San Pablo, Etla, a realizar algunos cobros.<\/p>\n\n\n\n<p>En la batea de la unidad de motor llevaban una motocicleta marca It\u00e1lica, sin placas de circulaci\u00f3n. Hasta el momento la Fiscal\u00eda General del Estado de Oaxaca no ha emitido informaci\u00f3n al respecto.<\/p>\n\n\n\n<figure class=\"wp-block-image size-full\"><a href=\"http:\/\/www.zonaroja.com.mx\/wp-content\/uploads\/2022\/01\/Desaparecidos-Zautla-Etla-Oaxaca.jpg\" data-rel=\"penci-gallery-image-content\" ><img decoding=\"async\" width=\"900\" height=\"460\" src=\"http:\/\/www.zonaroja.com.mx\/wp-content\/uploads\/2022\/01\/Desaparecidos-Zautla-Etla-Oaxaca.jpg\" alt=\"\" class=\"wp-image-36520\" srcset=\"https:\/\/zonaroja.com.mx\/wp-content\/uploads\/2022\/01\/Desaparecidos-Zautla-Etla-Oaxaca.jpg 900w, https:\/\/zonaroja.com.mx\/wp-content\/uploads\/2022\/01\/Desaparecidos-Zautla-Etla-Oaxaca-300x153.jpg 300w, https:\/\/zonaroja.com.mx\/wp-content\/uploads\/2022\/01\/Desaparecidos-Zautla-Etla-Oaxaca-768x393.jpg 768w, https:\/\/zonaroja.com.mx\/wp-content\/uploads\/2022\/01\/Desaparecidos-Zautla-Etla-Oaxaca-585x299.jpg 585w\" sizes=\"(max-width: 900px) 100vw, 900px\" \/><\/a><\/figure>\n","protected":false},"excerpt":{"rendered":"<p>Ismael Garc\u00eda M.\/Zona Roja. Oaxaca de Ju\u00e1rez, Oax., 16 de enero de 2022.- Tres cuerpos&hellip;<\/p>\n","protected":false},"author":2,"featured_media":36515,"comment_status":"closed","ping_status":"open","sticky":false,"template":"","format":"standard","meta":{"_lmt_disableupdate":"","_lmt_disable":"","_jetpack_memberships_contains_paid_content":false,"footnotes":""},"categories":[109,51],"tags":[1770],"class_list":["post-36519","post","type-post","status-publish","format-standard","has-post-thumbnail","hentry","category-minuto-a-minuto","category-zona-roja","tag-san-andres-zautla"],"jetpack_featured_media_url":"https:\/\/zonaroja.com.mx\/wp-content\/uploads\/2022\/01\/Camioneta-calcinada-San-Andrez-Zautla.jpg","jetpack_sharing_enabled":true,"_links":{"self":[{"href":"https:\/\/zonaroja.com.mx\/index.php?rest_route=\/wp\/v2\/posts\/36519","targetHints":{"allow":["GET"]}}],"collection":[{"href":"https:\/\/zonaroja.com.mx\/index.php?rest_route=\/wp\/v2\/posts"}],"about":[{"href":"https:\/\/zonaroja.com.mx\/index.php?rest_route=\/wp\/v2\/types\/post"}],"author":[{"embeddable":true,"href":"https:\/\/zonaroja.com.mx\/index.php?rest_route=\/wp\/v2\/users\/2"}],"replies":[{"embeddable":true,"href":"https:\/\/zonaroja.com.mx\/index.php?rest_route=%2Fwp%2Fv2%2Fcomments&post=36519"}],"version-history":[{"count":1,"href":"https:\/\/zonaroja.com.mx\/index.php?rest_route=\/wp\/v2\/posts\/36519\/revisions"}],"predecessor-version":[{"id":36521,"href":"https:\/\/zonaroja.com.mx\/index.php?rest_route=\/wp\/v2\/posts\/36519\/revisions\/36521"}],"wp:featuredmedia":[{"embeddable":true,"href":"https:\/\/zonaroja.com.mx\/index.php?rest_route=\/wp\/v2\/media\/36515"}],"wp:attachment":[{"href":"https:\/\/zonaroja.com.mx\/index.php?rest_route=%2Fwp%2Fv2%2Fmedia&parent=36519"}],"wp:term":[{"taxonomy":"category","embeddable":true,"href":"https:\/\/zonaroja.com.mx\/index.php?rest_route=%2Fwp%2Fv2%2Fcategories&post=36519"},{"taxonomy":"post_tag","embeddable":true,"href":"https:\/\/zonaroja.com.mx\/index.php?rest_route=%2Fwp%2Fv2%2Ftags&post=36519"}],"curies":[{"name":"wp","href":"https:\/\/api.w.org\/{rel}","templated":true}]}}