{"id":36522,"date":"2022-01-16T20:32:14","date_gmt":"2022-01-17T02:32:14","guid":{"rendered":"http:\/\/www.zonaroja.com.mx\/?p=36522"},"modified":"2022-01-16T20:32:16","modified_gmt":"2022-01-17T02:32:16","slug":"registra-oaxaca-2336-casos-positivos-de-covid-en-una-semana-aumento-de-206","status":"publish","type":"post","link":"https:\/\/zonaroja.com.mx\/?p=36522","title":{"rendered":"Registra Oaxaca 2,336 casos positivos de Covid en una semana; aumento de 206%"},"content":{"rendered":"\n<p>Redacci\u00f3n\/Zona Roja.<\/p>\n\n\n\n<p>Oaxaca de Ju\u00e1rez, Oax. 16 de enero de 2022.- Del 9 al 15 de enero, la entidad registr\u00f3 un acumulado de 88 mil 683 casos confirmados de Covid-19, observando un aumento del 206.54% con respecto a la semana anterior, pasando de mil 131 a tres mil 467 registros en los \u00faltimos siete d\u00edas, lo que representa dos mil 336 casos.<\/p>\n\n\n\n<p>En un comunicado, los Servicios de Salud de Oaxaca (SSO) advirtieron adem\u00e1s que el estado se encuentra en alerta, ya que de los 570 municipios que conforman el territorio estatal, \u00fanicamente 34 quedan libres de este coronavirus.<\/p>\n\n\n\n<p>La dependencia inform\u00f3 que con base al \u00abLineamiento para la estimaci\u00f3n de riesgos del sem\u00e1foro por regiones Covid-19\u00bb emitido por el Gobierno Federal, la entidad continuar\u00e1 en color verde hasta el 23 de enero.<\/p>\n\n\n\n<p>Sin embargo, asever\u00f3 que es necesario que la poblaci\u00f3n aplique con disciplina todas las medidas sanitarias vigentes para desacelerar el aumento en casos nuevos y activos.<\/p>\n\n\n\n<p>A\u00f1adi\u00f3 que el promedio de ocupaci\u00f3n hospitalaria para la atenci\u00f3n a pacientes con complicaciones derivadas de esta enfermedad fue de 22.9%. Adem\u00e1s, se reportaron 13 desafortunados decesos a causa de esta patolog\u00eda respiratoria.<\/p>\n\n\n\n<p>Respecto a la Estrategia de la Pol\u00edtica Nacional de Vacunaci\u00f3n contra el virus SARS-CoV-2 para la prevenci\u00f3n de la Covid-19 en M\u00e9xico, se\u00f1al\u00f3 que, se aplicaron 89 mil 077 dosis de refuerzo al personal docente con la farmac\u00e9utica Moderna.<\/p>\n","protected":false},"excerpt":{"rendered":"<p>Redacci\u00f3n\/Zona Roja. Oaxaca de Ju\u00e1rez, Oax. 16 de enero de 2022.- Del 9 al 15&hellip;<\/p>\n","protected":false},"author":2,"featured_media":36523,"comment_status":"closed","ping_status":"open","sticky":false,"template":"","format":"standard","meta":{"_lmt_disableupdate":"","_lmt_disable":"","_jetpack_memberships_contains_paid_content":false,"footnotes":""},"categories":[109,47],"tags":[1512],"class_list":["post-36522","post","type-post","status-publish","format-standard","has-post-thumbnail","hentry","category-minuto-a-minuto","category-zona-gris","tag-coronavirus-oaxaca"],"jetpack_featured_media_url":"https:\/\/zonaroja.com.mx\/wp-content\/uploads\/2022\/01\/Zocalo-gente-Oaxaca-covid.jpg","jetpack_sharing_enabled":true,"_links":{"self":[{"href":"https:\/\/zonaroja.com.mx\/index.php?rest_route=\/wp\/v2\/posts\/36522","targetHints":{"allow":["GET"]}}],"collection":[{"href":"https:\/\/zonaroja.com.mx\/index.php?rest_route=\/wp\/v2\/posts"}],"about":[{"href":"https:\/\/zonaroja.com.mx\/index.php?rest_route=\/wp\/v2\/types\/post"}],"author":[{"embeddable":true,"href":"https:\/\/zonaroja.com.mx\/index.php?rest_route=\/wp\/v2\/users\/2"}],"replies":[{"embeddable":true,"href":"https:\/\/zonaroja.com.mx\/index.php?rest_route=%2Fwp%2Fv2%2Fcomments&post=36522"}],"version-history":[{"count":1,"href":"https:\/\/zonaroja.com.mx\/index.php?rest_route=\/wp\/v2\/posts\/36522\/revisions"}],"predecessor-version":[{"id":36524,"href":"https:\/\/zonaroja.com.mx\/index.php?rest_route=\/wp\/v2\/posts\/36522\/revisions\/36524"}],"wp:featuredmedia":[{"embeddable":true,"href":"https:\/\/zonaroja.com.mx\/index.php?rest_route=\/wp\/v2\/media\/36523"}],"wp:attachment":[{"href":"https:\/\/zonaroja.com.mx\/index.php?rest_route=%2Fwp%2Fv2%2Fmedia&parent=36522"}],"wp:term":[{"taxonomy":"category","embeddable":true,"href":"https:\/\/zonaroja.com.mx\/index.php?rest_route=%2Fwp%2Fv2%2Fcategories&post=36522"},{"taxonomy":"post_tag","embeddable":true,"href":"https:\/\/zonaroja.com.mx\/index.php?rest_route=%2Fwp%2Fv2%2Ftags&post=36522"}],"curies":[{"name":"wp","href":"https:\/\/api.w.org\/{rel}","templated":true}]}}