{"id":3653,"date":"2019-09-03T22:13:55","date_gmt":"2019-09-04T03:13:55","guid":{"rendered":"http:\/\/www.zonaroja.com.mx\/?p=3653"},"modified":"2019-09-03T22:13:57","modified_gmt":"2019-09-04T03:13:57","slug":"ante-aborto-evangelicos-se-pronuncian-a-favor-de-proteger-a-la-familia","status":"publish","type":"post","link":"https:\/\/zonaroja.com.mx\/?p=3653","title":{"rendered":"Ante aborto, evang\u00e9licos se pronuncian a favor de proteger a la familia"},"content":{"rendered":"\n<p>Redacci\u00f3n\/Zona\nRoja.<\/p>\n\n\n\n<p>Oaxaca de\nJu\u00e1rez, Oax., 3 de septiembre de 2019.- Para la Confraternidad de Pastores\nCristianos del Estado de Oaxaca (Copaceo), es sumamente importante que la voz\nde todos los oaxaque\u00f1os sea tomada en cuenta en la toma de decisiones en el\nCongreso local, inform\u00f3 la asociaci\u00f3n. <\/p>\n\n\n\n<p>En un\ncomunicado, expuso que los m\u00e1s de 300 pastores evang\u00e9licos que la conforman,\nconsideran que temas como el aborto deben ser debatidos y analizados con\ncuidado antes de proceder jur\u00eddicamente.<\/p>\n\n\n\n<p>Durante el\nforo \u201cEl aborto en la actualidad\u201d llevado a cabo el pasado lunes en el recinto Legislativo,\ncelebraron que exista un espacio donde sus convicciones tambi\u00e9n sean\nconsideradas. <\/p>\n\n\n\n<p>El\npresidente de la Copaceo, V\u00edctor Hugo P\u00e9rez, reiter\u00f3 que el deber de la iglesia\nevang\u00e9lica es proteger y defender a la familia y que no lo hacen s\u00f3lo con\nargumentos b\u00edblicos, sino que tambi\u00e9n existe una base jur\u00eddica para hablar de\nello. <\/p>\n\n\n\n<p>\u201cHoy en d\u00eda\nhay un inter\u00e9s profundo de matar por matar, sin considerar las consecuencias\nsociales y espirituales que eso implica. Ya existe una regulaci\u00f3n sobre el\naborto y con ella se protege la dignidad de las personas, lo que nos toca a\ntodos es proteger a las futuras generaciones de m\u00e1s soledad, violencia y\ndesintegraci\u00f3n\u201d, dijo. <\/p>\n\n\n\n<p>A\u00f1adi\u00f3 que\ndesde 1969, la Organizaci\u00f3n de las Naciones Unidas estableci\u00f3 en la resoluci\u00f3n\n2542, de la Declaraci\u00f3n sobre el Progreso y el Desarrollo en lo Social, a la\nfamilia como una unidad b\u00e1sica de la sociedad y como el medio natural para el\ndesenvolvimiento de todos sus integrantes.<\/p>\n\n\n\n<p>\u201cNo pedimos\nm\u00e1s, nuestra \u00fanica pretensi\u00f3n es defender estos principios y estamos dispuestos\na hacerlo de forma pac\u00edfica y con di\u00e1logo\u201d, indic\u00f3. <\/p>\n\n\n\n<p>Finalmente\nse deslind\u00f3 de cualquier acto de odio que se le atribuya a la comunidad\nevang\u00e9lica de Oaxaca, \u201cla Copaceo est\u00e1 llevando este tema con mucho respeto,\nnos apegamos a la libertad de conciencia y de expresi\u00f3n\u201d.<\/p>\n","protected":false},"excerpt":{"rendered":"<p>Redacci\u00f3n\/Zona Roja. Oaxaca de Ju\u00e1rez, Oax., 3 de septiembre de 2019.- Para la Confraternidad de&hellip;<\/p>\n","protected":false},"author":2,"featured_media":3654,"comment_status":"closed","ping_status":"open","sticky":false,"template":"","format":"standard","meta":{"_lmt_disableupdate":"","_lmt_disable":"","_jetpack_memberships_contains_paid_content":false,"footnotes":""},"categories":[109,47],"tags":[666],"class_list":["post-3653","post","type-post","status-publish","format-standard","has-post-thumbnail","hentry","category-minuto-a-minuto","category-zona-gris","tag-copaceo"],"jetpack_featured_media_url":"https:\/\/zonaroja.com.mx\/wp-content\/uploads\/2019\/09\/antiaborto.jpeg","jetpack_sharing_enabled":true,"_links":{"self":[{"href":"https:\/\/zonaroja.com.mx\/index.php?rest_route=\/wp\/v2\/posts\/3653","targetHints":{"allow":["GET"]}}],"collection":[{"href":"https:\/\/zonaroja.com.mx\/index.php?rest_route=\/wp\/v2\/posts"}],"about":[{"href":"https:\/\/zonaroja.com.mx\/index.php?rest_route=\/wp\/v2\/types\/post"}],"author":[{"embeddable":true,"href":"https:\/\/zonaroja.com.mx\/index.php?rest_route=\/wp\/v2\/users\/2"}],"replies":[{"embeddable":true,"href":"https:\/\/zonaroja.com.mx\/index.php?rest_route=%2Fwp%2Fv2%2Fcomments&post=3653"}],"version-history":[{"count":1,"href":"https:\/\/zonaroja.com.mx\/index.php?rest_route=\/wp\/v2\/posts\/3653\/revisions"}],"predecessor-version":[{"id":3655,"href":"https:\/\/zonaroja.com.mx\/index.php?rest_route=\/wp\/v2\/posts\/3653\/revisions\/3655"}],"wp:featuredmedia":[{"embeddable":true,"href":"https:\/\/zonaroja.com.mx\/index.php?rest_route=\/wp\/v2\/media\/3654"}],"wp:attachment":[{"href":"https:\/\/zonaroja.com.mx\/index.php?rest_route=%2Fwp%2Fv2%2Fmedia&parent=3653"}],"wp:term":[{"taxonomy":"category","embeddable":true,"href":"https:\/\/zonaroja.com.mx\/index.php?rest_route=%2Fwp%2Fv2%2Fcategories&post=3653"},{"taxonomy":"post_tag","embeddable":true,"href":"https:\/\/zonaroja.com.mx\/index.php?rest_route=%2Fwp%2Fv2%2Ftags&post=3653"}],"curies":[{"name":"wp","href":"https:\/\/api.w.org\/{rel}","templated":true}]}}