{"id":36533,"date":"2022-01-18T07:07:00","date_gmt":"2022-01-18T13:07:00","guid":{"rendered":"http:\/\/www.zonaroja.com.mx\/?p=36533"},"modified":"2022-01-18T07:22:55","modified_gmt":"2022-01-18T13:22:55","slug":"centro-gastronomico-registra-90-de-avance-en-construccion","status":"publish","type":"post","link":"https:\/\/zonaroja.com.mx\/?p=36533","title":{"rendered":"Centro Gastron\u00f3mico registra 90% de avance en construcci\u00f3n"},"content":{"rendered":"\n<p>Redacci\u00f3n\/Zona Roja.<\/p>\n\n\n\n<p>Oaxaca de Ju\u00e1rez, Oax., 18 de enero de 2022.- El Centro Gastron\u00f3mico de Oaxaca registra un avance del 90 por ciento en su construcci\u00f3n y ser\u00e1 un espacio en el que se podr\u00e1 disfrutar de la gastronom\u00eda de las diversas comunidades y regiones que conforman al estado.<\/p>\n\n\n\n<p>Recientemente, funcionarios del Gobierno del Estado supervisaron los trabajos en dicho espacio, ubicado en la calle de Garc\u00eda Vigil del Centro Hist\u00f3rico de la capital.<\/p>\n\n\n\n<p>De acuerdo con un comunicado de prensa, el Centro Gastron\u00f3mico ser\u00e1 un pilar importante de la reactivaci\u00f3n econ\u00f3mica del estado, en donde se promocionar\u00e1 la inmensa gastronom\u00eda con la que cuentan las distintas comunidades que conforman las ocho regiones.<\/p>\n\n\n\n<p>Adem\u00e1s, contar\u00e1 con un espacio en la parte superior para eventos, convenciones y bodas.<\/p>\n\n\n\n<p>\u201cEsta obra representa un gran avance para Oaxaca, muestra el desarrollo en materia de infraestructura no solo carretera, a\u00e9rea, entre otras, sino tambi\u00e9n, de la recuperaci\u00f3n, acondicionamiento y creaci\u00f3n de espacios p\u00fablicos que benefician a las familias oaxaque\u00f1as\u201d, detallaron.<\/p>\n\n\n\n<p>Con estas acciones en materia de infraestructura, el Gobierno del Estado que encabeza Alejandro Murat Hinojosa, contin\u00faa trabajando en beneficio de las y los oaxaque\u00f1os, apuntaron.<\/p>\n","protected":false},"excerpt":{"rendered":"<p>Redacci\u00f3n\/Zona Roja. Oaxaca de Ju\u00e1rez, Oax., 18 de enero de 2022.- El Centro Gastron\u00f3mico de&hellip;<\/p>\n","protected":false},"author":2,"featured_media":36534,"comment_status":"closed","ping_status":"open","sticky":false,"template":"","format":"standard","meta":{"_lmt_disableupdate":"","_lmt_disable":"","_jetpack_memberships_contains_paid_content":false,"footnotes":""},"categories":[109,46],"tags":[1897],"class_list":["post-36533","post","type-post","status-publish","format-standard","has-post-thumbnail","hentry","category-minuto-a-minuto","category-zona-blanca","tag-centro-gastronomico-de-oaxaca"],"jetpack_featured_media_url":"https:\/\/zonaroja.com.mx\/wp-content\/uploads\/2022\/01\/Centro-Gastronomico-de-Oaxaca.jpeg","jetpack_sharing_enabled":true,"_links":{"self":[{"href":"https:\/\/zonaroja.com.mx\/index.php?rest_route=\/wp\/v2\/posts\/36533","targetHints":{"allow":["GET"]}}],"collection":[{"href":"https:\/\/zonaroja.com.mx\/index.php?rest_route=\/wp\/v2\/posts"}],"about":[{"href":"https:\/\/zonaroja.com.mx\/index.php?rest_route=\/wp\/v2\/types\/post"}],"author":[{"embeddable":true,"href":"https:\/\/zonaroja.com.mx\/index.php?rest_route=\/wp\/v2\/users\/2"}],"replies":[{"embeddable":true,"href":"https:\/\/zonaroja.com.mx\/index.php?rest_route=%2Fwp%2Fv2%2Fcomments&post=36533"}],"version-history":[{"count":2,"href":"https:\/\/zonaroja.com.mx\/index.php?rest_route=\/wp\/v2\/posts\/36533\/revisions"}],"predecessor-version":[{"id":36564,"href":"https:\/\/zonaroja.com.mx\/index.php?rest_route=\/wp\/v2\/posts\/36533\/revisions\/36564"}],"wp:featuredmedia":[{"embeddable":true,"href":"https:\/\/zonaroja.com.mx\/index.php?rest_route=\/wp\/v2\/media\/36534"}],"wp:attachment":[{"href":"https:\/\/zonaroja.com.mx\/index.php?rest_route=%2Fwp%2Fv2%2Fmedia&parent=36533"}],"wp:term":[{"taxonomy":"category","embeddable":true,"href":"https:\/\/zonaroja.com.mx\/index.php?rest_route=%2Fwp%2Fv2%2Fcategories&post=36533"},{"taxonomy":"post_tag","embeddable":true,"href":"https:\/\/zonaroja.com.mx\/index.php?rest_route=%2Fwp%2Fv2%2Ftags&post=36533"}],"curies":[{"name":"wp","href":"https:\/\/api.w.org\/{rel}","templated":true}]}}