{"id":36546,"date":"2022-01-17T19:28:29","date_gmt":"2022-01-18T01:28:29","guid":{"rendered":"http:\/\/www.zonaroja.com.mx\/?p=36546"},"modified":"2022-01-17T19:28:32","modified_gmt":"2022-01-18T01:28:32","slug":"restos-oseos-hallados-en-atatlahuca-podrian-ser-de-mayolo-quiroz","status":"publish","type":"post","link":"https:\/\/zonaroja.com.mx\/?p=36546","title":{"rendered":"Restos \u00f3seos hallados en Atatlahuca podr\u00edan ser de Mayolo Quiroz"},"content":{"rendered":"\n<p>Redacci\u00f3n\/Zona Roja.<\/p>\n\n\n\n<p>Oaxaca de Ju\u00e1rez, Oax., 17 de enero de 2022.- Los restos \u00f3seos hallados el pasado jueves 13 de enero del 2022 en el paraje denominado \u201cLlano Bajo\u201d, en inmediaciones de la comunidad de Mier y Ter\u00e1n, San Esteban Atatlahuca, podr\u00edan ser de Mayolo Quiroz Barrios.<\/p>\n\n\n\n<p>As\u00ed lo dio a conocer el Centro de Derechos Humanos y Asesor\u00eda a Pueblos Ind\u00edgenas (Cedhapi), que inform\u00f3 que la b\u00fasqueda y hallazgo ocurri\u00f3 por parte de la Fiscal\u00eda General del Estado de Oaxaca.<\/p>\n\n\n\n<p>En un comunicado, inform\u00f3 que el se\u00f1or Mayolo Quiroz fue desaparecido el 10 de octubre del 2021, aproximadamente a las cinco de la ma\u00f1ana que sali\u00f3 de su domicilio ubicado en la comunidad de Mier y Ter\u00e1n, para dirigirse al paraje denominado \u201cLlano Bajo\u201d ubicado en la misma comunidad para ir a ver a su ganado.<\/p>\n\n\n\n<p>\u201cEsto en el contexto de las agresiones e incursi\u00f3n armada efectuada por un grupo de personas armadas encabezadas por autoridades municipales de San Esteban Atatlahuca en las comunidades de Ndoyonoyuji y Guerrero Grande\u201d.<\/p>\n\n\n\n<p>Asimismo, el en el marco de estas agresiones, el 23 de octubre de 2021 desaparecieron los se\u00f1ores Marco Quiroz Ria\u00f1o, de 54 a\u00f1os de edad; Miguel Bautista Avenda\u00f1o, de 56 a\u00f1os; Donato Bautista Avenda\u00f1o, de 48 a\u00f1os de edad, y posteriormente el 27 de octubre del 2021 desapareci\u00f3 en la Ciudad de M\u00e9xico Irma Galindo Barrios, de 38 a\u00f1os de edad .<\/p>\n\n\n\n<p>El viernes 1 de octubre del 2021, en el marco de los ataques armados desapareci\u00f3 el se\u00f1or Jacinto Hern\u00e1ndez Quiroz, apareciendo su cuerpo sin vida con disparos de arma de fuego el d\u00eda 3 de octubre del 2021.<\/p>\n\n\n\n<p>El s\u00e1bado 23 de octubre del 2021, aproximadamente a las seis de la tarde se tuvo conocimiento que se encontraba desaparecido el se\u00f1or Isidoro Hern\u00e1ndez originario y vecino de la comunidad de Mier y Ter\u00e1n, de 49 a\u00f1os de edad.<\/p>\n\n\n\n<p>Por lo que el d\u00eda 26 de octubre del 2021, aproximadamente a la una de la ma\u00f1ana en el paraje denominado \u201cShinito\u00f3\u201d perteneciente a la comunidad de Mier y Ter\u00e1n, personal de la Fiscal\u00eda General del Estado de Oaxaca encontr\u00f3 el cad\u00e1ver del mismo.<\/p>\n\n\n\n<p>De igual manera, hubo m\u00e1s de 100 casas quemadas lo cual en un inicio produjo el desplazamiento interno forzado de m\u00e1s de 300 familia de las comunidades de Ndoyonoyuji y Guerrero grande y que algunas familias de Guerrero Grande han regresado a su comunidad y que se encuentran viviendo en la iglesia de dicha localidad y en casa de sus familiares y vecinos, ya que sus vivienda fueron quemadas.<\/p>\n\n\n\n<p>Por todos estos hechos, con fecha 23 de diciembre del 2021, la Comisi\u00f3n Interamericana de Derechos Humanos emiti\u00f3 medidas cautelares para proteger los derechos a la vida e integridad f\u00edsica de las familias ind\u00edgenas de las comunidades de Guerrero Grande y Ndoyonuyuji.<\/p>\n\n\n\n<p>Y con fecha 31 de diciembre del 2021, el Comit\u00e9 Contra la Desaparici\u00f3n Forzada de la ONU emiti\u00f3 Acci\u00f3n Urgente, solicitando al Estado mexicano la b\u00fasqueda inmediata de los se\u00f1ores Miguel Bautista Avenda\u00f1o, Donato Bautista Avenda\u00f1o, Marco Quiroz Ria\u00f1o, Mayolo Quiroz Barrios y de la se\u00f1ora Irma Galindo Barrios e investigaci\u00f3n de su alegada desaparici\u00f3n forzada.<\/p>\n\n\n\n<p>\u201cLa situaci\u00f3n de riesgo prevalece en la comunidad ind\u00edgena de Guerrero Grande, siendo el caso que en la noche del d\u00eda 31 de diciembre del 2021 fueron quemadas las casas de los se\u00f1ores Lucas Ria\u00f1o Sandoval, Bartolom\u00e9 Barrios Reyes, Juana Bautista Sandoval, Porfiria Hern\u00e1ndez Bautista, Mar\u00eda Hern\u00e1ndez Bautista, Cornelio Hern\u00e1ndez Bautista\u201d, expuso el organismo civil.<\/p>\n\n\n\n<p>Por ello demand\u00f3 al Estado mexicano el cumplimiento a las medidas cautelares otorgadas por la CIDH y a la Acci\u00f3n Urgente otorgada por el comit\u00e9 contra la Desaparici\u00f3n Forzada de la ONU, \u201cya que hasta el momento la Secretar\u00eda de Gobernaci\u00f3n no ha convocado a una reuni\u00f3n de implementaci\u00f3n de medidas cautelares a pesar de que las agresiones contin\u00faan\u201d.<\/p>\n","protected":false},"excerpt":{"rendered":"<p>Redacci\u00f3n\/Zona Roja. Oaxaca de Ju\u00e1rez, Oax., 17 de enero de 2022.- Los restos \u00f3seos hallados&hellip;<\/p>\n","protected":false},"author":2,"featured_media":36451,"comment_status":"closed","ping_status":"open","sticky":false,"template":"","format":"standard","meta":{"_lmt_disableupdate":"","_lmt_disable":"","_jetpack_memberships_contains_paid_content":false,"footnotes":""},"categories":[109,47],"tags":[1025],"class_list":["post-36546","post","type-post","status-publish","format-standard","has-post-thumbnail","hentry","category-minuto-a-minuto","category-zona-gris","tag-san-esteban-atatlahuca"],"jetpack_featured_media_url":"https:\/\/zonaroja.com.mx\/wp-content\/uploads\/2022\/01\/Restos-Fiscalia-Oaxaca-Atatlahuca-Mier-y-Teran.jpg","jetpack_sharing_enabled":true,"_links":{"self":[{"href":"https:\/\/zonaroja.com.mx\/index.php?rest_route=\/wp\/v2\/posts\/36546","targetHints":{"allow":["GET"]}}],"collection":[{"href":"https:\/\/zonaroja.com.mx\/index.php?rest_route=\/wp\/v2\/posts"}],"about":[{"href":"https:\/\/zonaroja.com.mx\/index.php?rest_route=\/wp\/v2\/types\/post"}],"author":[{"embeddable":true,"href":"https:\/\/zonaroja.com.mx\/index.php?rest_route=\/wp\/v2\/users\/2"}],"replies":[{"embeddable":true,"href":"https:\/\/zonaroja.com.mx\/index.php?rest_route=%2Fwp%2Fv2%2Fcomments&post=36546"}],"version-history":[{"count":1,"href":"https:\/\/zonaroja.com.mx\/index.php?rest_route=\/wp\/v2\/posts\/36546\/revisions"}],"predecessor-version":[{"id":36547,"href":"https:\/\/zonaroja.com.mx\/index.php?rest_route=\/wp\/v2\/posts\/36546\/revisions\/36547"}],"wp:featuredmedia":[{"embeddable":true,"href":"https:\/\/zonaroja.com.mx\/index.php?rest_route=\/wp\/v2\/media\/36451"}],"wp:attachment":[{"href":"https:\/\/zonaroja.com.mx\/index.php?rest_route=%2Fwp%2Fv2%2Fmedia&parent=36546"}],"wp:term":[{"taxonomy":"category","embeddable":true,"href":"https:\/\/zonaroja.com.mx\/index.php?rest_route=%2Fwp%2Fv2%2Fcategories&post=36546"},{"taxonomy":"post_tag","embeddable":true,"href":"https:\/\/zonaroja.com.mx\/index.php?rest_route=%2Fwp%2Fv2%2Ftags&post=36546"}],"curies":[{"name":"wp","href":"https:\/\/api.w.org\/{rel}","templated":true}]}}