{"id":36548,"date":"2022-01-17T19:58:56","date_gmt":"2022-01-18T01:58:56","guid":{"rendered":"http:\/\/www.zonaroja.com.mx\/?p=36548"},"modified":"2022-01-17T19:58:58","modified_gmt":"2022-01-18T01:58:58","slug":"entre-los-recien-ungidos-candidatos-en-oaxaca-persiste-un-prolongado-ayuno-de-ideas","status":"publish","type":"post","link":"https:\/\/zonaroja.com.mx\/?p=36548","title":{"rendered":"Entre los reci\u00e9n ungidos candidatos en Oaxaca, persiste un prolongado ayuno de ideas"},"content":{"rendered":"\n<p>Adri\u00e1n Ortiz Romero Cuevas<\/p>\n\n\n\n<p>En teor\u00eda, est\u00e1n definidos los nombres de los dos candidatos emocionalmente m\u00e1s importantes, que aparecer\u00e1n en la boleta electoral por la gubernatura de Oaxaca el primer domingo de junio.<\/p>\n\n\n\n<p>El problema es que, el hecho de que ya est\u00e9n pol\u00edticamente fijados Salom\u00f3n Jara Cruz y Alejandro Avil\u00e9s como abanderados de Morena y el PRI, en nada cambia la compleja realidad oaxaque\u00f1a en la que se vocifera mucho, pero en la que parad\u00f3jicamente nadie dice nada sobre un proyecto de gobierno, o sobre una visi\u00f3n concreta de Estado para la entidad.<\/p>\n\n\n\n<p>En efecto, a finales de diciembre Morena defini\u00f3 a Jara Cruz como su candidato para la gubernatura. Lo hizo en medio de un proceso interno en el que las decisiones fueron totalmente verticales, y en el que los mecanismos electivos fueron cupulares, opacos y avasallantes para todos los dem\u00e1s aspirantes, que en alg\u00fan punto supusieron que s\u00ed se realizar\u00eda un proceso basado en reglas y procedimientos sostenibles y democr\u00e1ticos.<\/p>\n\n\n\n<p>En la contraparte, en el PRI, la semana pasada se hizo el anuncio pol\u00edtico en la Ciudad de M\u00e9xico &#8211;porque la formalizaci\u00f3n de la unci\u00f3n seg\u00fan ocurrir\u00e1 en el transcurso de la presente semana&#8211; de que el candidato a gobernador por ese partido ser\u00e1 el diputado local Avil\u00e9s \u00c1lvarez.<\/p>\n\n\n\n<p>De nuevo, el Revolucionario Institucional defini\u00f3 su candidatura en medio de un proceso interno en el que, igual que en Morena, las decisiones fueron totalmente verticales, y en el que los mecanismos electivos fueron cupulares, opacos y avasallantes para todos los dem\u00e1s aspirantes, que en alg\u00fan punto supusieron que s\u00ed se realizar\u00eda un proceso basado en reglas y procedimientos sostenibles y democr\u00e1ticos.<\/p>\n\n\n\n<p>Luego de sendos anuncios, ocurri\u00f3 en cada partido aquel viejo fen\u00f3meno conocido como \u201cla cargada\u201d. Propios y extra\u00f1os abandonaron sus posiciones previas &#8211;coincidentes o discordantes con la definici\u00f3n cupular&#8211; para volcarse en manifestaciones de felicitaci\u00f3n y apoyo a los candidatos reci\u00e9n ungidos.<\/p>\n\n\n\n<p>En la apariencia, y en ambos partidos, pareci\u00f3 moment\u00e1neamente quedar atr\u00e1s cualquier viso de recelo, de divisionismo y de encono, para ondear la bandera de la unidad en torno al reci\u00e9n elegido abanderado &#8211;en ambos casos, definido por qui\u00e9n sabe qui\u00e9n&#8211;, y manifestar con euforia que esa ser\u00e1 &#8211;cualquiera de las dos&#8211; la candidatura triunfadora en la jornada electoral.<\/p>\n\n\n\n<p>En ese contexto, resulta alarmante la incapacidad autocr\u00edtica en uno y otro partido. \u00bfPor qu\u00e9? Porque es claro, y preocupante, que hasta el momento nada se ha dicho sobre la visi\u00f3n de mediano y largo plazo que cualquiera de los dos candidatos tiene para Oaxaca.<\/p>\n\n\n\n<p>En ese contexto, el ciudadano razonable &#8211;porque s\u00ed los hay&#8211; que est\u00e1 esperando la definici\u00f3n de su voto, con base en argumentos o planteamientos de gobierno, e incluso en promesas o palabras melodiosas dichas por cualquiera de los aspirantes.<\/p>\n\n\n\n<p>El problema es que pareciera que Oaxaca y los planteamientos serios son lo menos importante. Es verdaderamente abominable que hoy se diga con tanta ligereza que tal o cual partido eligi\u00f3 al m\u00e1s tunante de sus militantes como candidato, justo para poder enfrentar al m\u00e1s marrullero de los integrantes de la fuerza pol\u00edtica contraria, ahora ungido como su abanderado. \u00bfDe verdad ese es el nivel de rapacidad al que ha llegado el ejercicio pol\u00edtico en Oaxaca, como para aceptar y normalizar &#8211;sean v\u00e1lidos o no&#8211; esos argumentos y esa visi\u00f3n sobre el futuro que le espera a Oaxaca?<\/p>\n\n\n\n<p>Pareciera que hoy que la honorabilidad, la decencia o la congruencia son factores que le juegan formalmente en contra a cualquiera que desee figurar en pol\u00edtica &#8211;incluso es hasta objeto de burla&#8211;, pero no as\u00ed lo que en una sociedad sana tendr\u00edan que ser defectos indeseables de un pol\u00edtico que hoy, aqu\u00ed, se celebran, se aplauden y hasta se adulan.<\/p>\n\n\n\n<p>\u00bfY OAXACA?<\/p>\n\n\n\n<p>Uno y otro son personajes ampliamente conocidos en Oaxaca. No uno m\u00e1s que otro porque esos, y todos los dem\u00e1s casos, han sido parte de esa casta que pervive de forma cr\u00f3nica de las actividades relacionadas con el gobierno y la pol\u00edtica, y que incluso se siente con el derecho de sangre, o de ralea, para controlar la actividad gubernamental y las decisiones que inciden en la vida de todos los oaxaque\u00f1os, como si tuvieran alguna virtud superior a la de cualquier otro oaxaque\u00f1o con similares derechos pol\u00edticos.<\/p>\n\n\n\n<p>Hoy frente a ello, se mantiene con validez la pregunta: \u00bfQu\u00e9 pretenden, no para sus intereses o para su visi\u00f3n respecto al control del poder, sino para Oaxaca?<\/p>\n\n\n\n<p>El problema es que, sobre eso, nadie dice nada. No sorprende, porque ser\u00eda exactamente lo mismo frente a la pregunta de por qu\u00e9 militan en sus respectivos partidos: esgrimir\u00edan respuestas ret\u00f3ricas, pero vac\u00edas de cualquier tipo de contenido ideol\u00f3gico, pol\u00edtico o incluso de experiencia en la actividad de gobierno para el bien de la ciudadan\u00eda.<\/p>\n\n\n\n<p>Es as\u00ed porque al calor de la disputa electoral por el poder, vociferan su priismo o morenismo hasta la m\u00e9dula &#8211;para el caso, da lo mismo&#8211;; pero en el fondo desconocen &#8211;y tampoco les importa&#8211; si su aparente militancia tiene alg\u00fan sustento, o incluso si est\u00e1n interna y honestamente convencidos con ella.<\/p>\n\n\n\n<p>En todo esto, \u00bftendr\u00edan que convencernos, o al menos tranquilizarnos, las decisiones tomadas por los dos mencionados partidos? Si tenemos alg\u00fan inter\u00e9s directo con respecto a alguno de ellos, probablemente s\u00ed.<\/p>\n\n\n\n<p>Pero de lo contrario, tendr\u00edamos que estar sumamente preocupados, porque tanto la definici\u00f3n de Morena como del PRI est\u00e1n basadas en aspirantes que jam\u00e1s han dicho qu\u00e9 pretenden, o qu\u00e9 pueden y quieren hacer a favor de Oaxaca, m\u00e1s all\u00e1 del solo hecho de ganar la elecci\u00f3n y llegar a la gubernatura.<\/p>\n\n\n\n<p>\u00bfLes importa la lacerante realidad social de pobreza, marginaci\u00f3n y discriminaci\u00f3n que priva en Oaxaca? \u00bfQu\u00e9 plan tienen para combatir esos flagelos? \u00bfTienen alg\u00fan inter\u00e9s en atender &#8211;en la Constituci\u00f3n, y en las acciones de gobierno&#8211; las ancestrales demandas de los m\u00e1s de 400 municipios oaxaque\u00f1os que se rigen por sus propios sistemas normativos internos, y que son pueblos ind\u00edgenas con una cosmovisi\u00f3n, lenguaje y formas propias de organizaci\u00f3n?<\/p>\n\n\n\n<p>\u00bfTienen alg\u00fan plan alterno a la frivolidad que ha privado en las \u00faltimas administraciones, en las que se cree que con oropel, ocurrencias, caprichos y acciones cosm\u00e9ticas se resuelven los perennes problemas que enfrenta la entidad? \u00bfQu\u00e9 perspectiva tienen para la entidad, m\u00e1s all\u00e1 de ver ganar al PRI o a Morena? \u00bfQu\u00e9 idea y visi\u00f3n tienen de sus respectivos partidos, ideolog\u00edas y programas de gobierno? \u00bfDe verdad tienen alguna noci\u00f3n?<\/p>\n\n\n\n<p>Lo grave es que Oaxaca y sus problemas siguen ah\u00ed, y sobre ellos &#8211;no respecto a la pol\u00edtica partidista&#8211; prevalece un prolongado ayuno de ideas. Un preocupante silencio, y una cada vez m\u00e1s clara apat\u00eda, respecto a lo que deber\u00eda ser el tema central no de la elecci\u00f3n, sino de la discusi\u00f3n pol\u00edtica hoy, ayer, ma\u00f1ana, hace cinco a\u00f1os y en los pr\u00f3ximos seis, veinte y cien: el profundo atraso en que se encuentra Oaxaca, y la postergaci\u00f3n constante de las discusiones de fondo, para siempre privilegiar los intereses, la politiquer\u00eda y las sumas y restas entre grupos. Todo, siempre, en detrimento de Oaxaca.<\/p>\n\n\n\n<p>EPITAFIO<\/p>\n\n\n\n<p>Todos muy contentos. Todos muy alegres. Viva el nuevo candidato. Viva la unidad. Viva el partido\u2026 Pero ni el nuevo ungido, ni sus euf\u00f3ricos aduladores, ni los hijos pr\u00f3digos de su partido &#8211;que ahora abundar\u00e1n&#8211;, ni nadie, cambia la terca realidad. \u00bfS\u00ed lo ven?<\/p>\n\n\n\n<p>http:\/\/columnaalmargen<\/p>\n\n\n\n<p>@columnaalmargen<\/p>\n\n\n\n<p>@ortizromeroc<\/p>\n","protected":false},"excerpt":{"rendered":"<p>Adri\u00e1n Ortiz Romero Cuevas En teor\u00eda, est\u00e1n definidos los nombres de los dos candidatos emocionalmente&hellip;<\/p>\n","protected":false},"author":2,"featured_media":36076,"comment_status":"closed","ping_status":"open","sticky":false,"template":"","format":"standard","meta":{"_lmt_disableupdate":"","_lmt_disable":"","_jetpack_memberships_contains_paid_content":false,"footnotes":""},"categories":[456,109],"tags":[2994],"class_list":["post-36548","post","type-post","status-publish","format-standard","has-post-thumbnail","hentry","category-columna","category-minuto-a-minuto","tag-adrian-ortiz-romero-cuevas"],"jetpack_featured_media_url":"https:\/\/zonaroja.com.mx\/wp-content\/uploads\/2022\/01\/Adrian-Ortiz-Romero.jpeg","jetpack_sharing_enabled":true,"_links":{"self":[{"href":"https:\/\/zonaroja.com.mx\/index.php?rest_route=\/wp\/v2\/posts\/36548","targetHints":{"allow":["GET"]}}],"collection":[{"href":"https:\/\/zonaroja.com.mx\/index.php?rest_route=\/wp\/v2\/posts"}],"about":[{"href":"https:\/\/zonaroja.com.mx\/index.php?rest_route=\/wp\/v2\/types\/post"}],"author":[{"embeddable":true,"href":"https:\/\/zonaroja.com.mx\/index.php?rest_route=\/wp\/v2\/users\/2"}],"replies":[{"embeddable":true,"href":"https:\/\/zonaroja.com.mx\/index.php?rest_route=%2Fwp%2Fv2%2Fcomments&post=36548"}],"version-history":[{"count":1,"href":"https:\/\/zonaroja.com.mx\/index.php?rest_route=\/wp\/v2\/posts\/36548\/revisions"}],"predecessor-version":[{"id":36549,"href":"https:\/\/zonaroja.com.mx\/index.php?rest_route=\/wp\/v2\/posts\/36548\/revisions\/36549"}],"wp:featuredmedia":[{"embeddable":true,"href":"https:\/\/zonaroja.com.mx\/index.php?rest_route=\/wp\/v2\/media\/36076"}],"wp:attachment":[{"href":"https:\/\/zonaroja.com.mx\/index.php?rest_route=%2Fwp%2Fv2%2Fmedia&parent=36548"}],"wp:term":[{"taxonomy":"category","embeddable":true,"href":"https:\/\/zonaroja.com.mx\/index.php?rest_route=%2Fwp%2Fv2%2Fcategories&post=36548"},{"taxonomy":"post_tag","embeddable":true,"href":"https:\/\/zonaroja.com.mx\/index.php?rest_route=%2Fwp%2Fv2%2Ftags&post=36548"}],"curies":[{"name":"wp","href":"https:\/\/api.w.org\/{rel}","templated":true}]}}