{"id":36556,"date":"2022-01-17T22:21:52","date_gmt":"2022-01-18T04:21:52","guid":{"rendered":"http:\/\/www.zonaroja.com.mx\/?p=36556"},"modified":"2022-01-17T22:21:55","modified_gmt":"2022-01-18T04:21:55","slug":"emboscan-a-militantes-del-mult-en-zona-triqui-hay-dos-heridos","status":"publish","type":"post","link":"https:\/\/zonaroja.com.mx\/?p=36556","title":{"rendered":"Emboscan a militantes del MULT en zona Triqui; hay dos heridos"},"content":{"rendered":"\n<p>Redacci\u00f3n\/Zona Roja.<\/p>\n\n\n\n<p>Oaxaca de Ju\u00e1rez, Oax., 17 de enero de 2022.- El Movimiento de Unificaci\u00f3n y Lucha Triqui (MULT) denunci\u00f3 una emboscada en contra de un grupo de sus militantes, lo que dej\u00f3 como saldo dos personas heridas por disparos de arma de fuego.<\/p>\n\n\n\n<p>Seg\u00fan dio a conocer en un breve comunicado, los hechos sucedieron alrededor de las 18:40 horas a la altura de la desviaci\u00f3n de Yerba Santa Copala, Santiago Juxtlahuaca.<\/p>\n\n\n\n<p>Los lesionados fueron identificados como Ra\u00fal Mart\u00ednez Cruz y Eleazar Ortiz, este \u00faltimo miembro de la direcci\u00f3n pol\u00edtica del MULT; otros de los agredidos son Epifanio Ortiz y Alfredo Silverio M\u00e9ndez, estos \u00faltimos ilesos.<\/p>\n\n\n\n<p>El MULT demand\u00f3 al gobierno federal como al estatal, se realice una investigaci\u00f3n exhaustiva y se frene la violencia en la zona Triqui del estado de Oaxaca.<\/p>\n","protected":false},"excerpt":{"rendered":"<p>Redacci\u00f3n\/Zona Roja. Oaxaca de Ju\u00e1rez, Oax., 17 de enero de 2022.- El Movimiento de Unificaci\u00f3n&hellip;<\/p>\n","protected":false},"author":2,"featured_media":36557,"comment_status":"closed","ping_status":"open","sticky":false,"template":"","format":"standard","meta":{"_lmt_disableupdate":"","_lmt_disable":"","_jetpack_memberships_contains_paid_content":false,"footnotes":""},"categories":[109,47],"tags":[2411],"class_list":["post-36556","post","type-post","status-publish","format-standard","has-post-thumbnail","hentry","category-minuto-a-minuto","category-zona-gris","tag-movimiento-de-unificacion-y-lucha-triqui-independiente-multi"],"jetpack_featured_media_url":"https:\/\/zonaroja.com.mx\/wp-content\/uploads\/2022\/01\/Eleazar-Ortiz-MULT.jpg","jetpack_sharing_enabled":true,"_links":{"self":[{"href":"https:\/\/zonaroja.com.mx\/index.php?rest_route=\/wp\/v2\/posts\/36556","targetHints":{"allow":["GET"]}}],"collection":[{"href":"https:\/\/zonaroja.com.mx\/index.php?rest_route=\/wp\/v2\/posts"}],"about":[{"href":"https:\/\/zonaroja.com.mx\/index.php?rest_route=\/wp\/v2\/types\/post"}],"author":[{"embeddable":true,"href":"https:\/\/zonaroja.com.mx\/index.php?rest_route=\/wp\/v2\/users\/2"}],"replies":[{"embeddable":true,"href":"https:\/\/zonaroja.com.mx\/index.php?rest_route=%2Fwp%2Fv2%2Fcomments&post=36556"}],"version-history":[{"count":1,"href":"https:\/\/zonaroja.com.mx\/index.php?rest_route=\/wp\/v2\/posts\/36556\/revisions"}],"predecessor-version":[{"id":36558,"href":"https:\/\/zonaroja.com.mx\/index.php?rest_route=\/wp\/v2\/posts\/36556\/revisions\/36558"}],"wp:featuredmedia":[{"embeddable":true,"href":"https:\/\/zonaroja.com.mx\/index.php?rest_route=\/wp\/v2\/media\/36557"}],"wp:attachment":[{"href":"https:\/\/zonaroja.com.mx\/index.php?rest_route=%2Fwp%2Fv2%2Fmedia&parent=36556"}],"wp:term":[{"taxonomy":"category","embeddable":true,"href":"https:\/\/zonaroja.com.mx\/index.php?rest_route=%2Fwp%2Fv2%2Fcategories&post=36556"},{"taxonomy":"post_tag","embeddable":true,"href":"https:\/\/zonaroja.com.mx\/index.php?rest_route=%2Fwp%2Fv2%2Ftags&post=36556"}],"curies":[{"name":"wp","href":"https:\/\/api.w.org\/{rel}","templated":true}]}}