{"id":3656,"date":"2019-09-04T07:43:04","date_gmt":"2019-09-04T12:43:04","guid":{"rendered":"http:\/\/www.zonaroja.com.mx\/?p=3656"},"modified":"2019-09-04T07:43:06","modified_gmt":"2019-09-04T12:43:06","slug":"si-hay-delitos-en-la-uabjo-que-se-aplique-la-ley-a-quien-sea-rector","status":"publish","type":"post","link":"https:\/\/zonaroja.com.mx\/?p=3656","title":{"rendered":"Si hay delitos en la UABJO, que se aplique la ley a quien sea: rector"},"content":{"rendered":"\n<p>Redacci\u00f3n\/Zona\nRoja.<\/p>\n\n\n\n<p>Oaxaca de\nJu\u00e1rez, Oax., 4 de septiembre de 2019.- Tras la liberaci\u00f3n de \u00f3rdenes de\naprehensi\u00f3n en contra de algunos l\u00edderes e integrantes de sindicatos, el rector\nde la UABJO, Eduardo Bautista Mart\u00ednez, asegur\u00f3 que es respetuoso de la labor\nde la Fiscal\u00eda General del Estado y que a quien haya cometido un delito, que se\nle aplique la ley.<\/p>\n\n\n\n<p>\u201cLa Fiscal\u00eda\nseguramente tendr\u00e1 evidencias de alg\u00fan tipo de casos y la postura de la\nrector\u00eda, independientemente de sesgos pol\u00edticos, es la aplicaci\u00f3n del estado\nde derecho, el apego a la legalidad; la convocatoria a toda la comunidad, a\ntodos los actores, es que es importante conducirnos con respeto a las normas\u201d,\ndijo en entrevista.<\/p>\n\n\n\n<p>Asimismo, el\nresponsable de la Universidad Aut\u00f3noma \u201cBenito Ju\u00e1rez\u201d de Oaxaca, exhort\u00f3 a los\ngrupos que mantienen cerradas las instalaciones administrativas en Ciudad\nAdministrativa a liberar las mismas, ya que su actuar afecta gravemente las\nactividades de la instituci\u00f3n que alberga a una matr\u00edcula de 26 mil 462\nestudiantes.<\/p>\n\n\n\n<p>Mediante un comunicado, manifest\u00f3 que es con la gesti\u00f3n civilizada y con estricto apego a la ley que se pueden lograr los objetivos obligatoriedad y gratuidad de la educaci\u00f3n superior, planteados por el Gobierno Federal y el presidente de la Rep\u00fablica, Andr\u00e9s Manuel L\u00f3pez Obrador.<\/p>\n\n\n\n<figure class=\"wp-block-embed-twitter wp-block-embed is-type-rich is-provider-twitter\"><div class=\"wp-block-embed__wrapper\">\n<div class=\"twitter-tweet\"><blockquote class=\"twitter-tweet\" data-lang=\"es\"><p lang=\"es\" dir=\"ltr\">El rector de la <a href=\"https:\/\/twitter.com\/UABJO?ref_src=twsrc%5Etfw\">@UABJO<\/a>, <a href=\"https:\/\/twitter.com\/Bautistaeduardo?ref_src=twsrc%5Etfw\">@Bautistaeduardo<\/a>,recalc\u00f3 que respeta la ley y las determinaciones de la <a href=\"https:\/\/twitter.com\/FISCALIA_GobOax?ref_src=twsrc%5Etfw\">@FISCALIA_GobOax<\/a> para hacer valer el estado de derecho, respecto a las \u00f3rdenes de aprehensi\u00f3n a l\u00edderes sindicales. <br>Pidi\u00f3 asimismo a los manifestantes que retiren bloqueo a edificios. <a href=\"https:\/\/t.co\/UATQ1dNuwk\">pic.twitter.com\/UATQ1dNuwk<\/a><\/p>&mdash; Zona Roja Oaxaca (@MexRoja) <a href=\"https:\/\/twitter.com\/MexRoja\/status\/1169080740232998913?ref_src=twsrc%5Etfw\">4 de septiembre de 2019<\/a><\/blockquote><\/div>\n<\/div><\/figure>\n\n\n\n<p>\u201cEn t\u00e9rminos\nde saneamiento institucional, que incluye el proceso de admisi\u00f3n, les\nconvocamos a conducirnos con apego a la legalidad y con pleno respeto a los\nderechos de la comunidad universitaria\u201d, explic\u00f3.<\/p>\n\n\n\n<p>Y es que\ndesde hace m\u00e1s de una semana, grupos que exigen la habilitaci\u00f3n de m\u00e1s lugares\nal interior de la instituci\u00f3n, para dar cabida a quienes fueron rechazados del\nproceso de selecci\u00f3n y por tanto se quedaron fuera de la matr\u00edcula\nuniversitaria.<\/p>\n\n\n\n<p>Bautista\nMart\u00ednez detall\u00f3 que la UABJO se encuentra en la mejor disposici\u00f3n de\nparticipar en el Acuerdo Nacional para la Transformaci\u00f3n de la Educaci\u00f3n\nSuperior al que convoco el Gobierno de la Rep\u00fablica para dar atenci\u00f3n\nprioritaria a los grupos sociales menos favorecidos y lograr el incremento de\nla cobertura educativa con equidad y calidad.<\/p>\n\n\n\n<p>Sin embargo,\nrecord\u00f3 que lo anterior implica necesariamente el incremento de por lo menos el\n40 por ciento del presupuesto que se destina de manera directa a los gastos de\noperaci\u00f3n y de servicios de las escuelas, facultades e institutos de la m\u00e1xima\ncasa de estudios, situaci\u00f3n que es de conocimiento de la Secretaria de\nEducaci\u00f3n P\u00fablica.<\/p>\n\n\n\n<p>Lo anterior\ntoda vez que la universidad oaxaque\u00f1a es una de las instituciones que recibe el\npresupuesto por estudiante m\u00e1s bajo en M\u00e9xico, situaci\u00f3n que se convierte en\nuna limitante presupuestal, aunada a problemas estructurales de m\u00e1s tres\nd\u00e9cadas al interior de la universidad que tiene que ver con el crecimiento de\nla plantilla laboral y la inviabilidad econ\u00f3mica para cubrir pensiones y\njubilaciones.<\/p>\n\n\n\n<p>Por ello\ninsisti\u00f3 en el llamado a los grupos que mantienen la toma de la UABJO, a fin de\nque dejen atr\u00e1s los amagos, la violencia y las medidas de presi\u00f3n para insistir\nen demandas inviables al interior de la instituci\u00f3n debido a la falta de\npresupuesto, y que nada tienen que ver con la disposici\u00f3n de la actual\nadministraci\u00f3n para cumplir con los principios de obligatoriedad y gratuidad de\nla educaci\u00f3n superior.<\/p>\n\n\n\n<p>Desde hace\nm\u00e1s de 10 d\u00edas, un grupo de \u201cporros\u201d liderados por quien identifican como \u201cEl\nSonrics\u201d y un grupo de ambulantes, encabezados por Gabriela Jim\u00e9nez, mantienen\nocupada la rector\u00eda y dos edificios m\u00e1s de la instituci\u00f3n, donde presuntamente\nya se registran saqueos.<\/p>\n","protected":false},"excerpt":{"rendered":"<p>Redacci\u00f3n\/Zona Roja. Oaxaca de Ju\u00e1rez, Oax., 4 de septiembre de 2019.- Tras la liberaci\u00f3n de&hellip;<\/p>\n","protected":false},"author":2,"featured_media":3657,"comment_status":"closed","ping_status":"open","sticky":false,"template":"","format":"standard","meta":{"_lmt_disableupdate":"","_lmt_disable":"","_jetpack_memberships_contains_paid_content":false,"footnotes":""},"categories":[109,47],"tags":[239],"class_list":["post-3656","post","type-post","status-publish","format-standard","has-post-thumbnail","hentry","category-minuto-a-minuto","category-zona-gris","tag-uabjo"],"jetpack_featured_media_url":"https:\/\/zonaroja.com.mx\/wp-content\/uploads\/2019\/09\/IMG_4366.jpg","jetpack_sharing_enabled":true,"_links":{"self":[{"href":"https:\/\/zonaroja.com.mx\/index.php?rest_route=\/wp\/v2\/posts\/3656","targetHints":{"allow":["GET"]}}],"collection":[{"href":"https:\/\/zonaroja.com.mx\/index.php?rest_route=\/wp\/v2\/posts"}],"about":[{"href":"https:\/\/zonaroja.com.mx\/index.php?rest_route=\/wp\/v2\/types\/post"}],"author":[{"embeddable":true,"href":"https:\/\/zonaroja.com.mx\/index.php?rest_route=\/wp\/v2\/users\/2"}],"replies":[{"embeddable":true,"href":"https:\/\/zonaroja.com.mx\/index.php?rest_route=%2Fwp%2Fv2%2Fcomments&post=3656"}],"version-history":[{"count":1,"href":"https:\/\/zonaroja.com.mx\/index.php?rest_route=\/wp\/v2\/posts\/3656\/revisions"}],"predecessor-version":[{"id":3658,"href":"https:\/\/zonaroja.com.mx\/index.php?rest_route=\/wp\/v2\/posts\/3656\/revisions\/3658"}],"wp:featuredmedia":[{"embeddable":true,"href":"https:\/\/zonaroja.com.mx\/index.php?rest_route=\/wp\/v2\/media\/3657"}],"wp:attachment":[{"href":"https:\/\/zonaroja.com.mx\/index.php?rest_route=%2Fwp%2Fv2%2Fmedia&parent=3656"}],"wp:term":[{"taxonomy":"category","embeddable":true,"href":"https:\/\/zonaroja.com.mx\/index.php?rest_route=%2Fwp%2Fv2%2Fcategories&post=3656"},{"taxonomy":"post_tag","embeddable":true,"href":"https:\/\/zonaroja.com.mx\/index.php?rest_route=%2Fwp%2Fv2%2Ftags&post=3656"}],"curies":[{"name":"wp","href":"https:\/\/api.w.org\/{rel}","templated":true}]}}