{"id":36572,"date":"2022-01-18T08:33:56","date_gmt":"2022-01-18T14:33:56","guid":{"rendered":"http:\/\/www.zonaroja.com.mx\/?p=36572"},"modified":"2022-01-18T08:33:58","modified_gmt":"2022-01-18T14:33:58","slug":"por-altos-contagios-en-el-istmo-2-municipios-en-semaforo-rojo-y-4-en-amarillo","status":"publish","type":"post","link":"https:\/\/zonaroja.com.mx\/?p=36572","title":{"rendered":"Por altos contagios, en el Istmo 2 municipios en sem\u00e1foro rojo y 4 en amarillo"},"content":{"rendered":"\n<p>Redacci\u00f3n\/Zona Roja.<\/p>\n\n\n\n<p>Oaxaca de Ju\u00e1rez, Oax., 18 de enero de 2022.- Debido al alto n\u00famero de contagios de Covid-19, principalmente de la variante \u201c\u00d3micron\u201d, los Servicios de Salud de Oaxaca (SSO) determinaron aplicar sem\u00e1foro rojo en dos municipios y sem\u00e1foro amarillo en cuatro m\u00e1s, en la regi\u00f3n del Istmo.<\/p>\n\n\n\n<p>Se trata, en el primer caso, de Salina Cruz y de Mat\u00edas Romero Avenda\u00f1o, que representan riesgo muy alto de contagios.<\/p>\n\n\n\n<p>En tanto que en sem\u00e1foro amarillo, estar\u00e1n del 17 al 23 de enero, Juchit\u00e1n de Zaragoza, Santo Domingo Tehuantepec, Asunci\u00f3n Ixtaltepec y Ciudad Ixtepec.<\/p>\n\n\n\n<p>Mediante una circular emitida por los SSO, se exhorta a todos los municipios de la regi\u00f3n del Istmo de Tehuantepec a mantener las medidas sanitarias b\u00e1sicas establecidas desde el inicio de la pandemia.<\/p>\n\n\n\n<p>Adem\u00e1s, \u201cen respeto a la autonom\u00eda municipal, cada autoridad puede emitir medidas m\u00e1s restrictivas de acuerdo al incremento de casos en cada una de sus localidades, priorizando la salud de la poblaci\u00f3n\u201d.<\/p>\n\n\n\n<p>De acuerdo con los SSO, hasta ayer lunes, el estado de Oaxaca registraba tres mil 526 casos activos; 89 mil 223 casos confirmados y cinco mil 680 defunciones.<\/p>\n","protected":false},"excerpt":{"rendered":"<p>Redacci\u00f3n\/Zona Roja. Oaxaca de Ju\u00e1rez, Oax., 18 de enero de 2022.- Debido al alto n\u00famero&hellip;<\/p>\n","protected":false},"author":2,"featured_media":36573,"comment_status":"closed","ping_status":"open","sticky":false,"template":"","format":"standard","meta":{"_lmt_disableupdate":"","_lmt_disable":"","_jetpack_memberships_contains_paid_content":false,"footnotes":""},"categories":[109,47],"tags":[1512],"class_list":["post-36572","post","type-post","status-publish","format-standard","has-post-thumbnail","hentry","category-minuto-a-minuto","category-zona-gris","tag-coronavirus-oaxaca"],"jetpack_featured_media_url":"https:\/\/zonaroja.com.mx\/wp-content\/uploads\/2022\/01\/Covid-Istmo-Oaxaca.jpg","jetpack_sharing_enabled":true,"_links":{"self":[{"href":"https:\/\/zonaroja.com.mx\/index.php?rest_route=\/wp\/v2\/posts\/36572","targetHints":{"allow":["GET"]}}],"collection":[{"href":"https:\/\/zonaroja.com.mx\/index.php?rest_route=\/wp\/v2\/posts"}],"about":[{"href":"https:\/\/zonaroja.com.mx\/index.php?rest_route=\/wp\/v2\/types\/post"}],"author":[{"embeddable":true,"href":"https:\/\/zonaroja.com.mx\/index.php?rest_route=\/wp\/v2\/users\/2"}],"replies":[{"embeddable":true,"href":"https:\/\/zonaroja.com.mx\/index.php?rest_route=%2Fwp%2Fv2%2Fcomments&post=36572"}],"version-history":[{"count":1,"href":"https:\/\/zonaroja.com.mx\/index.php?rest_route=\/wp\/v2\/posts\/36572\/revisions"}],"predecessor-version":[{"id":36574,"href":"https:\/\/zonaroja.com.mx\/index.php?rest_route=\/wp\/v2\/posts\/36572\/revisions\/36574"}],"wp:featuredmedia":[{"embeddable":true,"href":"https:\/\/zonaroja.com.mx\/index.php?rest_route=\/wp\/v2\/media\/36573"}],"wp:attachment":[{"href":"https:\/\/zonaroja.com.mx\/index.php?rest_route=%2Fwp%2Fv2%2Fmedia&parent=36572"}],"wp:term":[{"taxonomy":"category","embeddable":true,"href":"https:\/\/zonaroja.com.mx\/index.php?rest_route=%2Fwp%2Fv2%2Fcategories&post=36572"},{"taxonomy":"post_tag","embeddable":true,"href":"https:\/\/zonaroja.com.mx\/index.php?rest_route=%2Fwp%2Fv2%2Ftags&post=36572"}],"curies":[{"name":"wp","href":"https:\/\/api.w.org\/{rel}","templated":true}]}}