{"id":36576,"date":"2022-01-18T15:14:00","date_gmt":"2022-01-18T21:14:00","guid":{"rendered":"https:\/\/www.zonaroja.com.mx\/?p=36576"},"modified":"2022-01-18T15:14:09","modified_gmt":"2022-01-18T21:14:09","slug":"cruzan-acusaciones-multi-y-mult-sobre-emboscada-en-zona-triqui","status":"publish","type":"post","link":"https:\/\/zonaroja.com.mx\/?p=36576","title":{"rendered":"Cruzan acusaciones MULTI y MULT sobre emboscada en zona Triqui"},"content":{"rendered":"\n<p>Yuridiana Sosa\/Zona Roja.<\/p>\n\n\n\n<p>Oaxaca de Ju\u00e1rez, Oax., 18 de enero de 2022.- Las organizaciones Movimiento de Unificaci\u00f3n y Lucha Triqui Independiente (MULTI) y Movimiento de Unificaci\u00f3n y Lucha Triqui (MULT) se acusaron mutuamente de los hechos violentos que se registraron&nbsp;este lunes&nbsp;contra integrantes de este \u00faltimo grupo, en la zona Triqui, pues ambos afirman que este suceso conlleva a m\u00e1s actos contra la paz de la zona.<\/p>\n\n\n\n<p>El lunes por la tarde, el MULT denunci\u00f3 sobre una emboscada en la desviaci\u00f3n de Yerba Santa Copala, de Santiago Juxtlahuaca contra un grupo de sus militantes, lo que dej\u00f3 un saldo de dos personas heridas por disparos de arma de fuego.<\/p>\n\n\n\n<p>Horas despu\u00e9s acus\u00f3 a integrantes del MULTI de organizar este ataque, se\u00f1alando a Macario Garc\u00eda Merino, C\u00e1ndido Miguel, Rafael, alias \u201cel Rafa\u201d y a Pablo Ram\u00edrez Ortiz, entre otros, quienes supuestamente se niegan a llegar a acuerdos para alcanzar la paz en la regi\u00f3n Triqui.<\/p>\n\n\n\n<p>Ante los actos, el MULT emplaz\u00f3 y demand\u00f3 a los gobierno Estatal y Federal a que realicen acciones de justicia y dejen de omitir sus llamados que realizan sobre la violencia en la zona, pues la omisi\u00f3n de las autoridades solo abona a las muertes y atentados.<\/p>\n\n\n\n<p>As\u00ed tambi\u00e9n la organizaci\u00f3n llam\u00f3 a agrupaciones aliadas para que se solidaricen y emprendan una movilizaci\u00f3n.<\/p>\n\n\n\n<p>Esta ma\u00f1ana en conferencia de prensa en la capital, anunci\u00f3 un \u201cplant\u00f3n\u201d indefinido, para exigir justicia.&nbsp;<\/p>\n\n\n\n<p>Por su parte, el Movimiento de Unificaci\u00f3n y Lucha Triqui Independiente (MULTI) conden\u00f3 los actos y se deslind\u00f3 de los se\u00f1alamientos que realiz\u00f3 el grupo adverso.&nbsp;<\/p>\n\n\n\n<p>Este bloque demand\u00f3 a la Fiscal\u00eda General de Oaxaca y a los gobiernos estatal y federal apliquen una investigaci\u00f3n imparcial, exhaustiva y sin suposiciones que lleven a esclarecer el hecho contra los integrantes del MULT.<\/p>\n\n\n\n<p>En un comunicado, el MULTI expres\u00f3 su preocupaci\u00f3n sobre las afectaciones que esta acci\u00f3n pudiera tener con el retorno de desplazados a sus comunidades, por lo que pidieron a las autoridades que ese suceso no desv\u00ede la ruta de las mesas instaladas para el retorno seguro.<\/p>\n\n\n\n<p>\u201cPor los intereses caciques externos, del Estado y del propio MULT, esto no ha sido posible, la seguridad no ha podido llegar a nuestra naci\u00f3n\u201d, manifest\u00f3 el MULTI, quien llam\u00f3 al grupo contrario a la madurez pol\u00edtica.<\/p>\n\n\n\n<p>\u201cEste nuevo suceso violento es un acto de provocaci\u00f3n hacia el proceso de pacificaci\u00f3n que estamos construyendo, pues busca elevar la tensi\u00f3n y la violencia en la regi\u00f3n, a fin de justificar cualquier otro atentado contra las dem\u00e1s organizaciones sociales que forman parte de la naci\u00f3n Triqui\u201d, sostuvo el MULTI.<\/p>\n","protected":false},"excerpt":{"rendered":"<p>Yuridiana Sosa\/Zona Roja. Oaxaca de Ju\u00e1rez, Oax., 18 de enero de 2022.- Las organizaciones Movimiento&hellip;<\/p>\n","protected":false},"author":2,"featured_media":36575,"comment_status":"closed","ping_status":"open","sticky":false,"template":"","format":"standard","meta":{"_lmt_disableupdate":"","_lmt_disable":"","_jetpack_memberships_contains_paid_content":false,"footnotes":""},"categories":[109,47],"tags":[],"class_list":["post-36576","post","type-post","status-publish","format-standard","has-post-thumbnail","hentry","category-minuto-a-minuto","category-zona-gris"],"jetpack_featured_media_url":"https:\/\/zonaroja.com.mx\/wp-content\/uploads\/2022\/01\/c06f8142-2be5-4a28-8cf0-e886327c398e.jpg","jetpack_sharing_enabled":true,"_links":{"self":[{"href":"https:\/\/zonaroja.com.mx\/index.php?rest_route=\/wp\/v2\/posts\/36576","targetHints":{"allow":["GET"]}}],"collection":[{"href":"https:\/\/zonaroja.com.mx\/index.php?rest_route=\/wp\/v2\/posts"}],"about":[{"href":"https:\/\/zonaroja.com.mx\/index.php?rest_route=\/wp\/v2\/types\/post"}],"author":[{"embeddable":true,"href":"https:\/\/zonaroja.com.mx\/index.php?rest_route=\/wp\/v2\/users\/2"}],"replies":[{"embeddable":true,"href":"https:\/\/zonaroja.com.mx\/index.php?rest_route=%2Fwp%2Fv2%2Fcomments&post=36576"}],"version-history":[{"count":1,"href":"https:\/\/zonaroja.com.mx\/index.php?rest_route=\/wp\/v2\/posts\/36576\/revisions"}],"predecessor-version":[{"id":36577,"href":"https:\/\/zonaroja.com.mx\/index.php?rest_route=\/wp\/v2\/posts\/36576\/revisions\/36577"}],"wp:featuredmedia":[{"embeddable":true,"href":"https:\/\/zonaroja.com.mx\/index.php?rest_route=\/wp\/v2\/media\/36575"}],"wp:attachment":[{"href":"https:\/\/zonaroja.com.mx\/index.php?rest_route=%2Fwp%2Fv2%2Fmedia&parent=36576"}],"wp:term":[{"taxonomy":"category","embeddable":true,"href":"https:\/\/zonaroja.com.mx\/index.php?rest_route=%2Fwp%2Fv2%2Fcategories&post=36576"},{"taxonomy":"post_tag","embeddable":true,"href":"https:\/\/zonaroja.com.mx\/index.php?rest_route=%2Fwp%2Fv2%2Ftags&post=36576"}],"curies":[{"name":"wp","href":"https:\/\/api.w.org\/{rel}","templated":true}]}}