{"id":36579,"date":"2022-01-18T17:38:52","date_gmt":"2022-01-18T23:38:52","guid":{"rendered":"https:\/\/www.zonaroja.com.mx\/?p=36579"},"modified":"2022-01-18T17:38:54","modified_gmt":"2022-01-18T23:38:54","slug":"en-dia-de-comparecencia-de-segego-ante-diputados-bloquean-carretera-en-oaxaca","status":"publish","type":"post","link":"https:\/\/zonaroja.com.mx\/?p=36579","title":{"rendered":"En d\u00eda de comparecencia de Segego ante diputados, bloquean carretera en Oaxaca"},"content":{"rendered":"\n<p>Yuridiana Sosa\/ Zona Roja<\/p>\n\n\n\n<p>Oaxaca de Ju\u00e1rez, Oax., 18 de enero de 2022.- Autoridades del Comisariado de Bienes Comunales de San Juan Lajarcia denunciaron la privaci\u00f3n ilegal de la libertad de al menos tres comuneros de su comunidad por un grupo armado procedente del municipio vecino de San Bartolo Yautepec.<\/p>\n\n\n\n<p>Ante el hecho, habitantes de San Juan se manifestaron con el bloqueo de la carretera federal 190, en el punto conocido como el crucero de Lajarcia para exigir la presentaci\u00f3n con vida e inmediata de los comuneros.<\/p>\n\n\n\n<p>Lo anterior mientras el secretario General de Gobierno, Francisco Garc\u00eda L\u00f3pez, comparec\u00eda ante comisiones en la sede del Congreso del Estado, como parte de la glosa del V Informe de Gobierno.&nbsp;<\/p>\n\n\n\n<p>Por medio de un comunicado, el Comisariado de Bienes Comunales de Lajarcia demand\u00f3 a autoridades federales, estatales y organismos de Derechos Humanos de los diferentes niveles de gobiernos a no volver a ignorar las agresiones y atiendan este hecho ante el riesgo por la integridad f\u00edsica y la vida de los agricultores.&nbsp;<\/p>\n\n\n\n<p>Los campesinos secuestrados fueron identificados como Ignacio Altamirano Arreola, Cayetano Bautista S\u00e1nchez, Jos\u00e9 Escudero Dom\u00ednguez, quienes fueron llevados por el grupo de personas armadas.<\/p>\n\n\n\n<p>De acuerdo con las primeras versiones, el hecho se registr\u00f3 alrededor&nbsp;de las 7:00&nbsp;horas&nbsp;de la ma\u00f1anaen la parcela del habitante conocido como \u201cDon Nacho\u201d Altamirano, cuando unas 200 personas con armas de fuego arribaron al lugar para cometer el delito.<\/p>\n\n\n\n<p>Las autoridades de la comunidad afectada tambi\u00e9n se\u00f1alaron que en otras ocasiones han manifestado las hostilidades causadas por campesinos de San Bartolo Yautepec en contra de San Juan Lajarcia, como es con la presencia de grupos armados, la destrucci\u00f3n de cultivos, herramientas de trabajo, viviendas, sistemas de energ\u00eda solar, robo de animales entre otras agresiones.<\/p>\n\n\n\n<p>\u201cExigimos la presentaci\u00f3n inmediata y con vida de nuestros campesinos, demandamos la inmediata presencia de seguridad p\u00fablica y de la guardia nacional\u201d, manifest\u00f3 la poblaci\u00f3n representada por Bernab\u00e9 Z\u00e1rate Vel\u00e1zquez, presidente; Luis Javier Dom\u00ednguez Vel\u00e1zquez, Secretario; Cris\u00f3stomo Romero S\u00e1nchez, Tesorero. <\/p>\n","protected":false},"excerpt":{"rendered":"<p>Yuridiana Sosa\/ Zona Roja Oaxaca de Ju\u00e1rez, Oax., 18 de enero de 2022.- Autoridades del&hellip;<\/p>\n","protected":false},"author":2,"featured_media":36578,"comment_status":"closed","ping_status":"open","sticky":false,"template":"","format":"standard","meta":{"_lmt_disableupdate":"","_lmt_disable":"","_jetpack_memberships_contains_paid_content":false,"footnotes":""},"categories":[109,47],"tags":[],"class_list":["post-36579","post","type-post","status-publish","format-standard","has-post-thumbnail","hentry","category-minuto-a-minuto","category-zona-gris"],"jetpack_featured_media_url":"https:\/\/zonaroja.com.mx\/wp-content\/uploads\/2022\/01\/cefdab55-86d6-40ae-8945-c71df7e79128.jpg","jetpack_sharing_enabled":true,"_links":{"self":[{"href":"https:\/\/zonaroja.com.mx\/index.php?rest_route=\/wp\/v2\/posts\/36579","targetHints":{"allow":["GET"]}}],"collection":[{"href":"https:\/\/zonaroja.com.mx\/index.php?rest_route=\/wp\/v2\/posts"}],"about":[{"href":"https:\/\/zonaroja.com.mx\/index.php?rest_route=\/wp\/v2\/types\/post"}],"author":[{"embeddable":true,"href":"https:\/\/zonaroja.com.mx\/index.php?rest_route=\/wp\/v2\/users\/2"}],"replies":[{"embeddable":true,"href":"https:\/\/zonaroja.com.mx\/index.php?rest_route=%2Fwp%2Fv2%2Fcomments&post=36579"}],"version-history":[{"count":1,"href":"https:\/\/zonaroja.com.mx\/index.php?rest_route=\/wp\/v2\/posts\/36579\/revisions"}],"predecessor-version":[{"id":36580,"href":"https:\/\/zonaroja.com.mx\/index.php?rest_route=\/wp\/v2\/posts\/36579\/revisions\/36580"}],"wp:featuredmedia":[{"embeddable":true,"href":"https:\/\/zonaroja.com.mx\/index.php?rest_route=\/wp\/v2\/media\/36578"}],"wp:attachment":[{"href":"https:\/\/zonaroja.com.mx\/index.php?rest_route=%2Fwp%2Fv2%2Fmedia&parent=36579"}],"wp:term":[{"taxonomy":"category","embeddable":true,"href":"https:\/\/zonaroja.com.mx\/index.php?rest_route=%2Fwp%2Fv2%2Fcategories&post=36579"},{"taxonomy":"post_tag","embeddable":true,"href":"https:\/\/zonaroja.com.mx\/index.php?rest_route=%2Fwp%2Fv2%2Ftags&post=36579"}],"curies":[{"name":"wp","href":"https:\/\/api.w.org\/{rel}","templated":true}]}}