{"id":36586,"date":"2022-01-18T21:47:17","date_gmt":"2022-01-19T03:47:17","guid":{"rendered":"http:\/\/www.zonaroja.com.mx\/?p=36586"},"modified":"2022-01-18T21:47:20","modified_gmt":"2022-01-19T03:47:20","slug":"cuestionan-legisladores-a-segego-por-falta-de-gobernabilidad-en-oaxaca","status":"publish","type":"post","link":"https:\/\/zonaroja.com.mx\/?p=36586","title":{"rendered":"Cuestionan legisladores a Segego por falta de gobernabilidad en Oaxaca"},"content":{"rendered":"\n<p>Redacci\u00f3n\/Zona Roja.<\/p>\n\n\n\n<p>Oaxaca de Ju\u00e1rez, Oax. 18 de enero de 2022.- Dentro del marco de las comparecencias del Quinto Informe de Gobierno de Oaxaca, las y los integrantes del Poder Legislativo cuestionaron al titular de la Secretar\u00eda General de Gobierno (Segego), Francisco Javier Garc\u00eda L\u00f3pez por la falta de gobernabilidad en el estado, derivado de los conflictos sociales y laborales.<\/p>\n\n\n\n<p>Para garantizar la rendici\u00f3n de cuentas en Oaxaca, el titular compareci\u00f3 ante las Comisiones Permanentes Unidas de Gobernaci\u00f3n y Asuntos Agrarios y la de Fortalecimiento de Asuntos Municipales, de la 65 Legislatura.<\/p>\n\n\n\n<p>En su intervenci\u00f3n, Eva Diego Cruz, del Partido Verde Ecologista de M\u00e9xico (PVEM) cuestion\u00f3 qu\u00e9 han realizado para la soluci\u00f3n de los conflictos en la entidad, \u201cqu\u00e9 estrategias y acciones han implementado para reducir bloqueos y manifestaciones; disminuir la tasa de feminicidios y, la violencia que sufrimos las mujeres\u201d.<\/p>\n\n\n\n<p>En tanto, la diputada Adriana Altamirano Rosales, del Partido Nueva Alianza (Panal) se\u00f1al\u00f3 la urgencia de una correcta capacitaci\u00f3n para fomentar el di\u00e1logo con las partes involucradas para realizar acuerdos. \u201cLos oaxaque\u00f1os merecemos paz, lo invito a que se establezca el di\u00e1logo para transitar en paz, a que nos involucre y se permita ayudar para trabajar, no necesitamos discursos, necesitamos acciones\u201d.<\/p>\n\n\n\n<p>La legisladora del Partido Unidad Popular (PUP), X\u00f3chitl Jazm\u00edn Vel\u00e1zquez V\u00e1squez, expuso que se debe garantizar el Estado de Derecho que requiere la ciudadan\u00eda, \u201chay un buen diagn\u00f3stico en los conflictos agrarios, pero qu\u00e9 estrategias se est\u00e1n llevando para que estos no deriven en violencia\u201d.<\/p>\n\n\n\n<p>Por su parte, el legislador Leonardo D\u00edaz Jim\u00e9nez, del Partido Acci\u00f3n Nacional (PAN), enfatiz\u00f3 en los problemas sociales que se enfrentan ante las protestas magisteriales, de m\u00e9dicos, taxistas, padres de familia y organizaciones que demandan una soluci\u00f3n.<\/p>\n\n\n\n<p>\u201cLo exhortamos para que este \u00faltimo a\u00f1o de gobierno redoble esfuerzos y se tome en participaci\u00f3n a los oaxaque\u00f1os, no esperemos a que los problemas se vuelvan generales\u201d, puntualiz\u00f3.<\/p>\n\n\n\n<p>Tambi\u00e9n, el diputado No\u00e9 Doroteo Castillejos, del Partido del Trabajo (PT) pidi\u00f3 que se d\u00e9 atenci\u00f3n a que los caminos se concluyan, porque los conflictos agrarios y pol\u00edticos impiden el desarrollo \u201curge que se tome el di\u00e1logo y se d\u00e9 atenci\u00f3n a la inversi\u00f3n, y queremos que se desarrollen en paz las elecciones, no queremos m\u00e1s violencia\u201d.<\/p>\n\n\n\n<p>La diputada Minerva Leonor L\u00f3pez Calder\u00f3n, del Partido de la Revoluci\u00f3n Democr\u00e1tica (PRD) dijo que es competencia de la Secretar\u00eda General de Gobierno la conducci\u00f3n de la pol\u00edtica interior, por lo tanto, pidi\u00f3 que \u201cse debe armonizar y equilibrar el desempe\u00f1o de las dependencias del Poder Ejecutivo\u201d.<\/p>\n\n\n\n<p>En tanto, la legisladora Lizbeth Anaid Concha Ojeda, del Partido Revolucionario Institucional (PRI) se\u00f1al\u00f3 que la gobernabilidad es un requisito para la paz y desarrollo y se debe dar seguimiento y monitoreo permanente de los acuerdos alcanzados, \u201ces innegable que quedan pendientes, se deben agilizar mesas de trabajo y por ello es indispensable establecer mecanismos de acceso p\u00fablico para verificar las acciones pactadas.<\/p>\n\n\n\n<p>La parlamentaria Lizett Arroyo Rodr\u00edguez, de Morena, hizo un llamado para que se d\u00e9 soluci\u00f3n al tema de Huazantl\u00e1n, San Mateo del Mar \u201chay familias que no pueden regresar por el miedo de que vuelva a suceder la masacre\u201d.<\/p>\n\n\n\n<p>Tambi\u00e9n, la legisladora Deniss Garc\u00eda Guti\u00e9rrez, de Morena, cuestion\u00f3 sobre la explotaci\u00f3n infantil y conflictos, \u201cla gama de problem\u00e1ticas sociales que aquejan al estado son producto de la debilidad en su base econ\u00f3mica por la desfasada aplicaci\u00f3n del recurso, opacidad en su ejercicio y las grandes deudas en que se tiene sumido al estado\u201d.<\/p>\n\n\n\n<p>Por \u00faltimo, el diputado Nicol\u00e1s Feria Romero, del mismo grupo parlamentario, pidi\u00f3 atenci\u00f3n oportuna en el tema de la gobernanza comunitaria y en los conflictos de la Naci\u00f3n Triqui, \u201cse deben construir acuerdos de paz para detener el derramamiento de sangre y autodestrucci\u00f3n\u201d.<\/p>\n","protected":false},"excerpt":{"rendered":"<p>Redacci\u00f3n\/Zona Roja. Oaxaca de Ju\u00e1rez, Oax. 18 de enero de 2022.- Dentro del marco de&hellip;<\/p>\n","protected":false},"author":2,"featured_media":36587,"comment_status":"closed","ping_status":"open","sticky":false,"template":"","format":"standard","meta":{"_lmt_disableupdate":"","_lmt_disable":"","_jetpack_memberships_contains_paid_content":false,"footnotes":""},"categories":[109,47],"tags":[],"class_list":["post-36586","post","type-post","status-publish","format-standard","has-post-thumbnail","hentry","category-minuto-a-minuto","category-zona-gris"],"jetpack_featured_media_url":"https:\/\/zonaroja.com.mx\/wp-content\/uploads\/2022\/01\/Foto-1-Cuestionan-legisladores-a-Segego-por-falta-de-gobernabilidad-en-Oaxaca.jpg","jetpack_sharing_enabled":true,"_links":{"self":[{"href":"https:\/\/zonaroja.com.mx\/index.php?rest_route=\/wp\/v2\/posts\/36586","targetHints":{"allow":["GET"]}}],"collection":[{"href":"https:\/\/zonaroja.com.mx\/index.php?rest_route=\/wp\/v2\/posts"}],"about":[{"href":"https:\/\/zonaroja.com.mx\/index.php?rest_route=\/wp\/v2\/types\/post"}],"author":[{"embeddable":true,"href":"https:\/\/zonaroja.com.mx\/index.php?rest_route=\/wp\/v2\/users\/2"}],"replies":[{"embeddable":true,"href":"https:\/\/zonaroja.com.mx\/index.php?rest_route=%2Fwp%2Fv2%2Fcomments&post=36586"}],"version-history":[{"count":1,"href":"https:\/\/zonaroja.com.mx\/index.php?rest_route=\/wp\/v2\/posts\/36586\/revisions"}],"predecessor-version":[{"id":36588,"href":"https:\/\/zonaroja.com.mx\/index.php?rest_route=\/wp\/v2\/posts\/36586\/revisions\/36588"}],"wp:featuredmedia":[{"embeddable":true,"href":"https:\/\/zonaroja.com.mx\/index.php?rest_route=\/wp\/v2\/media\/36587"}],"wp:attachment":[{"href":"https:\/\/zonaroja.com.mx\/index.php?rest_route=%2Fwp%2Fv2%2Fmedia&parent=36586"}],"wp:term":[{"taxonomy":"category","embeddable":true,"href":"https:\/\/zonaroja.com.mx\/index.php?rest_route=%2Fwp%2Fv2%2Fcategories&post=36586"},{"taxonomy":"post_tag","embeddable":true,"href":"https:\/\/zonaroja.com.mx\/index.php?rest_route=%2Fwp%2Fv2%2Ftags&post=36586"}],"curies":[{"name":"wp","href":"https:\/\/api.w.org\/{rel}","templated":true}]}}