{"id":3659,"date":"2019-09-04T09:27:26","date_gmt":"2019-09-04T14:27:26","guid":{"rendered":"http:\/\/www.zonaroja.com.mx\/?p=3659"},"modified":"2019-09-04T09:27:28","modified_gmt":"2019-09-04T14:27:28","slug":"regresa-la-violencia-a-nochixtllan-queman-dos-vehiculos","status":"publish","type":"post","link":"https:\/\/zonaroja.com.mx\/?p=3659","title":{"rendered":"Regresa la violencia a Nochixtll\u00e1n; queman dos veh\u00edculos"},"content":{"rendered":"\n<p>Redacci\u00f3n\/Zona\nRoja.<\/p>\n\n\n\n<p>Oaxaca de Ju\u00e1rez,\nOax., 4 de septiembre de 2019.- La violencia regres\u00f3 a Asunci\u00f3n Nochixtl\u00e1n la\nma\u00f1ana de este mi\u00e9rcoles, con un enfrentamiento y la quema de dos unidades de\nmotor, a la altura del kil\u00f3metro 78 de la supercarretera Oaxaca-Cuacnopalan.<\/p>\n\n\n\n<p>De acuerdo con los primeros reportes, los probables autores del delito fueron transportistas de la reci\u00e9n creada Confederaci\u00f3n Aut\u00f3noma de Trabajadores y Empleados de M\u00e9xico (CATEM) Joven.<\/p>\n\n\n\n<figure class=\"wp-block-image\"><img decoding=\"async\" width=\"898\" height=\"681\" src=\"http:\/\/www.zonaroja.com.mx\/wp-content\/uploads\/2019\/09\/90ab5db7-5069-4c48-94e6-b6727877742f.jpg\" alt=\"\" class=\"wp-image-3660\" srcset=\"https:\/\/zonaroja.com.mx\/wp-content\/uploads\/2019\/09\/90ab5db7-5069-4c48-94e6-b6727877742f.jpg 898w, https:\/\/zonaroja.com.mx\/wp-content\/uploads\/2019\/09\/90ab5db7-5069-4c48-94e6-b6727877742f-300x228.jpg 300w, https:\/\/zonaroja.com.mx\/wp-content\/uploads\/2019\/09\/90ab5db7-5069-4c48-94e6-b6727877742f-768x582.jpg 768w, https:\/\/zonaroja.com.mx\/wp-content\/uploads\/2019\/09\/90ab5db7-5069-4c48-94e6-b6727877742f-585x444.jpg 585w\" sizes=\"(max-width: 898px) 100vw, 898px\" \/><\/figure>\n\n\n\n<p>Lo anterior\nal oponerse a la realizaci\u00f3n de un operativo de revisi\u00f3n de veh\u00edculos del\ntransporte de pasajeros en situaci\u00f3n de irregularidad, que efectuar\u00eda personal\nde la Secretar\u00eda de Movilidad (Semovi) y de la Polic\u00eda Estatal.<\/p>\n\n\n\n<p>Tras ello,\nlos manifestantes se confrontaron con la polic\u00eda y se apoderaron de las dos\ngr\u00faas, una de ellas de la empresa \u201cGale\u201d. <\/p>\n\n\n\n<p>Hasta el\nmomento el Gobierno del Estado no ha informado acerca de operativos en la zona\npara restablecer el orden.<\/p>\n","protected":false},"excerpt":{"rendered":"<p>Redacci\u00f3n\/Zona Roja. Oaxaca de Ju\u00e1rez, Oax., 4 de septiembre de 2019.- La violencia regres\u00f3 a&hellip;<\/p>\n","protected":false},"author":2,"featured_media":3661,"comment_status":"closed","ping_status":"open","sticky":false,"template":"","format":"standard","meta":{"_lmt_disableupdate":"","_lmt_disable":"","_jetpack_memberships_contains_paid_content":false,"footnotes":""},"categories":[109,51],"tags":[128],"class_list":["post-3659","post","type-post","status-publish","format-standard","has-post-thumbnail","hentry","category-minuto-a-minuto","category-zona-roja","tag-asuncion-nochixtlan"],"jetpack_featured_media_url":"https:\/\/zonaroja.com.mx\/wp-content\/uploads\/2019\/09\/122c397b-4563-4568-8b70-ff75a542f90a.jpg","jetpack_sharing_enabled":true,"_links":{"self":[{"href":"https:\/\/zonaroja.com.mx\/index.php?rest_route=\/wp\/v2\/posts\/3659","targetHints":{"allow":["GET"]}}],"collection":[{"href":"https:\/\/zonaroja.com.mx\/index.php?rest_route=\/wp\/v2\/posts"}],"about":[{"href":"https:\/\/zonaroja.com.mx\/index.php?rest_route=\/wp\/v2\/types\/post"}],"author":[{"embeddable":true,"href":"https:\/\/zonaroja.com.mx\/index.php?rest_route=\/wp\/v2\/users\/2"}],"replies":[{"embeddable":true,"href":"https:\/\/zonaroja.com.mx\/index.php?rest_route=%2Fwp%2Fv2%2Fcomments&post=3659"}],"version-history":[{"count":1,"href":"https:\/\/zonaroja.com.mx\/index.php?rest_route=\/wp\/v2\/posts\/3659\/revisions"}],"predecessor-version":[{"id":3662,"href":"https:\/\/zonaroja.com.mx\/index.php?rest_route=\/wp\/v2\/posts\/3659\/revisions\/3662"}],"wp:featuredmedia":[{"embeddable":true,"href":"https:\/\/zonaroja.com.mx\/index.php?rest_route=\/wp\/v2\/media\/3661"}],"wp:attachment":[{"href":"https:\/\/zonaroja.com.mx\/index.php?rest_route=%2Fwp%2Fv2%2Fmedia&parent=3659"}],"wp:term":[{"taxonomy":"category","embeddable":true,"href":"https:\/\/zonaroja.com.mx\/index.php?rest_route=%2Fwp%2Fv2%2Fcategories&post=3659"},{"taxonomy":"post_tag","embeddable":true,"href":"https:\/\/zonaroja.com.mx\/index.php?rest_route=%2Fwp%2Fv2%2Ftags&post=3659"}],"curies":[{"name":"wp","href":"https:\/\/api.w.org\/{rel}","templated":true}]}}