{"id":36592,"date":"2022-01-19T07:51:35","date_gmt":"2022-01-19T13:51:35","guid":{"rendered":"http:\/\/www.zonaroja.com.mx\/?p=36592"},"modified":"2022-01-19T07:51:37","modified_gmt":"2022-01-19T13:51:37","slug":"hoy-segundo-dia-de-vacunacion-en-santa-lucia-del-camino-ayer-se-aplicaron-3480-dosis","status":"publish","type":"post","link":"https:\/\/zonaroja.com.mx\/?p=36592","title":{"rendered":"Hoy, segundo d\u00eda de vacunaci\u00f3n en Santa Luc\u00eda del Camino; ayer se aplicaron 3,480 dosis"},"content":{"rendered":"\n<p>Redacci\u00f3n\/Zona Roja.<\/p>\n\n\n\n<p>Oaxaca de Ju\u00e1rez, Oax., 19 de enero de 2022.- Por segundo d\u00eda consecutivo, este mi\u00e9rcoles contin\u00faa la jornada de aplicaci\u00f3n de vacuna de refuerzo contra el Covid-19 en Santa Luc\u00eda del Camino, a personas de 40 a 49 a\u00f1os de edad.<\/p>\n\n\n\n<p>Ayer, en el primer d\u00eda, hombres y mujeres de 50 a 59 a\u00f1os de edad recibieron su dosis de refuerzo contra el coronavirus, en el punto de inoculaci\u00f3n que se instal\u00f3 en la explanada de la agencia de San Francisco Tutla, donde 3480 ciudadanos y ciudadanas recibieron la vacuna AstraZeneca.<\/p>\n\n\n\n<p>El presidente municipal de Santa Luc\u00eda del Camino, Juan Carlos Garc\u00eda M\u00e1rquez, celebr\u00f3 que el municipio tuviera una jornada \u00e1gil, ordenada y sin aglomeraciones, y que esto fue resultado de la organizaci\u00f3n conjunta entre el Ayuntamiento y las autoridades estatales y federales.<\/p>\n\n\n\n<p>\u201cHay una gran respuesta, hay una responsabilidad ciudadana, por supuesto el que estemos poniendo esta vacuna no significa que no nos estemos cuidando, hay que seguir usando el cubrebocas, el gel antibacterial, la sana distancia, creo que esa parte no la debemos descuidar\u201d, puntualiz\u00f3 Juan Carlos Garc\u00eda M\u00e1rquez.<\/p>\n\n\n\n<p>Por \u00faltimo, el edil asegur\u00f3 que seguir\u00e1n gestionando acciones para que m\u00e1s sectores de la poblaci\u00f3n de Santa Luc\u00eda del Camino reciban su dosis de refuerzo, para que as\u00ed se tenga una mejor seguridad en la salud colectiva, aunado a seguir creando m\u00e1s trabajos a favor del bienestar del pueblo.<\/p>\n","protected":false},"excerpt":{"rendered":"<p>Redacci\u00f3n\/Zona Roja. Oaxaca de Ju\u00e1rez, Oax., 19 de enero de 2022.- Por segundo d\u00eda consecutivo,&hellip;<\/p>\n","protected":false},"author":2,"featured_media":36593,"comment_status":"closed","ping_status":"open","sticky":false,"template":"","format":"standard","meta":{"_lmt_disableupdate":"","_lmt_disable":"","_jetpack_memberships_contains_paid_content":false,"footnotes":""},"categories":[109,46],"tags":[2533],"class_list":["post-36592","post","type-post","status-publish","format-standard","has-post-thumbnail","hentry","category-minuto-a-minuto","category-zona-blanca","tag-juan-carlos-garcia-marquez"],"jetpack_featured_media_url":"https:\/\/zonaroja.com.mx\/wp-content\/uploads\/2022\/01\/Vacunacion-Santa-Lucia-del-Camino.jpg","jetpack_sharing_enabled":true,"_links":{"self":[{"href":"https:\/\/zonaroja.com.mx\/index.php?rest_route=\/wp\/v2\/posts\/36592","targetHints":{"allow":["GET"]}}],"collection":[{"href":"https:\/\/zonaroja.com.mx\/index.php?rest_route=\/wp\/v2\/posts"}],"about":[{"href":"https:\/\/zonaroja.com.mx\/index.php?rest_route=\/wp\/v2\/types\/post"}],"author":[{"embeddable":true,"href":"https:\/\/zonaroja.com.mx\/index.php?rest_route=\/wp\/v2\/users\/2"}],"replies":[{"embeddable":true,"href":"https:\/\/zonaroja.com.mx\/index.php?rest_route=%2Fwp%2Fv2%2Fcomments&post=36592"}],"version-history":[{"count":1,"href":"https:\/\/zonaroja.com.mx\/index.php?rest_route=\/wp\/v2\/posts\/36592\/revisions"}],"predecessor-version":[{"id":36594,"href":"https:\/\/zonaroja.com.mx\/index.php?rest_route=\/wp\/v2\/posts\/36592\/revisions\/36594"}],"wp:featuredmedia":[{"embeddable":true,"href":"https:\/\/zonaroja.com.mx\/index.php?rest_route=\/wp\/v2\/media\/36593"}],"wp:attachment":[{"href":"https:\/\/zonaroja.com.mx\/index.php?rest_route=%2Fwp%2Fv2%2Fmedia&parent=36592"}],"wp:term":[{"taxonomy":"category","embeddable":true,"href":"https:\/\/zonaroja.com.mx\/index.php?rest_route=%2Fwp%2Fv2%2Fcategories&post=36592"},{"taxonomy":"post_tag","embeddable":true,"href":"https:\/\/zonaroja.com.mx\/index.php?rest_route=%2Fwp%2Fv2%2Ftags&post=36592"}],"curies":[{"name":"wp","href":"https:\/\/api.w.org\/{rel}","templated":true}]}}