{"id":36599,"date":"2022-01-19T08:33:00","date_gmt":"2022-01-19T14:33:00","guid":{"rendered":"http:\/\/www.zonaroja.com.mx\/?p=36599"},"modified":"2022-01-19T08:33:03","modified_gmt":"2022-01-19T14:33:03","slug":"opinion-la-gran-mortandad","status":"publish","type":"post","link":"https:\/\/zonaroja.com.mx\/?p=36599","title":{"rendered":"Opini\u00f3n. La gran mortandad"},"content":{"rendered":"\n<p>Gibr\u00e1n Ram\u00edrez Reyes*<\/p>\n\n\n\n<p>Es imposible sustraer la pol\u00edtica de la mirada sobre la muerte, el rasgo fundamental de los \u00faltimos lustros mexicanos. S\u00ed podemos, en cambio, intentar escapar a la coyuntura para pensar al pa\u00eds entre 2008 y 2022, una idea de Fernando Escalante, que piensa que nuestro pa\u00eds encontrar\u00e1 en el espejo de estos a\u00f1os la gran mortandad.<\/p>\n\n\n\n<p>Quiz\u00e1, todo lo que por causa de Twitter, de la din\u00e1mica de impacto inmediato y ef\u00edmero que las redes sociales han impreso a los medios de comunicaci\u00f3n peque\u00f1os y grandes, lo que hoy parece encender los \u00e1nimos sociales, dominar el debate pol\u00edtico, parecer\u00e1 ma\u00f1ana f\u00fatil frente a la necesidad de comprender c\u00f3mo la muerte cambi\u00f3 al pa\u00eds.<\/p>\n\n\n\n<p>\u201cEstos a\u00f1os ser\u00e1n recordados como el tiempo de la gran mortandad, y todo lo dem\u00e1s va a ser irrelevante\u201d, profetiza Escalante. Habr\u00e1 que saber cu\u00e1nto retrocedi\u00f3 la esperanza de vida, cu\u00e1nto se redujo la edad promedio de la poblaci\u00f3n, la identidad de los desaparecidos.<\/p>\n\n\n\n<p>Entre lo menos relevante estar\u00e1 la tragedia educativa: la deserci\u00f3n masiva que trajo la pandemia y que las autoridades educativas y las universidades p\u00fablicas no han querido comunicar, el atraso de m\u00e1s de dos a\u00f1os en socializaci\u00f3n, habilidades y contenidos educativos de nuestros ni\u00f1os, el cambio en la estructura productiva del pa\u00eds.<\/p>\n\n\n\n<p>Con suerte y buen gobierno, la circunstancia ser\u00e1 otra; sin ellos, solo habremos para entonces adjudicado todo a la fatalidad, a esas cosas que pasan sin que puedan explicarse ni evitarse.<\/p>\n\n\n\n<p>Tomar perspectiva de los a\u00f1os recientes sin apasionamientos es casi imposible. Intentar\u00e9 con datos oficiales, sin nombres propios. De enero de 2020 a diciembre de 2021, seg\u00fan la Secretar\u00eda de Salud, tuvimos 655 mil muertes en exceso, la mayor parte de ellas por covid-19 y causas asociadas.<\/p>\n\n\n\n<p>Han desaparecido 49 mil 581 personas desde el 1 de diciembre de 2018. (Las desapariciones merecen una observaci\u00f3n aparte. En el gobierno antepasado se registraron 26 mil; en el pasado, m\u00e1s de 21 mil; en este se ha reconocido m\u00e1s de 49 mil, casi el doble apenas a medio sexenio.<\/p>\n\n\n\n<p>\u00bfSe debe eso a una mayor transparencia?, \u00bfhay alg\u00fan mecanismo para registrar m\u00e1s desapariciones que homicidios dolosos?, \u00bfes porque la subsecretar\u00eda de derechos humanos ha ido al encuentro de las fosas clandestinas?).<\/p>\n\n\n\n<p>Seg\u00fan cifras del Secretariado Ejecutivo del Sistema Nacional de Seguridad P\u00fablica, en 2021 habr\u00eda ocurrido el asesinato de 46 mil 881 personas, en 2020 habr\u00edan sucedido 51 mil 431 y, en 2019, 52 mil 411. (\u00bfPuede la reducci\u00f3n porcentual de homicidios dolosos entre 2020 y 2021 ser resultado del despliegue de la Guardia Nacional o es un ama\u00f1o del mes de diciembre como sostienen algunos?).<\/p>\n\n\n\n<p>El saldo acumulado de v\u00edctimas del orden violento y la pandemia es, en este trienio, de 855 mil 304 personas. Si las cosas siguieran m\u00e1s o menos constantes, si no tuvi\u00e9ramos ni un muerto m\u00e1s por covid, hacia finales de 2024 tendr\u00edamos un total de 1 mill\u00f3n 45 mil 528 v\u00edctimas acumuladas de pandemia, asesinatos y desapariciones.<\/p>\n\n\n\n<p>Desde luego, el debate pol\u00edtico tragar\u00e1 esta cifra, la har\u00e1 un eslogan, se\u00f1alar\u00e1n al subsecretario, al presidente, al r\u00e9gimen, a los villanos de moda. Del otro lado se\u00f1alaremos el sistema de salud en ruinas (que sigui\u00f3 sin replantearse seriamente), la corrupci\u00f3n heredada (y persistente), la culpa de los gobernadores (y el federalismo maltrecho que sigui\u00f3 sin reformarse).<\/p>\n\n\n\n<p>Eventualmente, sin embargo, qui\u00e9n sabe c\u00f3mo, enfrentaremos el retorno colectivo de lo reprimido: muertes sin duelo, dolores ahogados, comunidades rotas, hu\u00e9rfanos deambulantes, madres buscadoras no escuchadas, discursos pol\u00edticos banales que pasaron por alto la seriedad de lo que suced\u00eda.<\/p>\n\n\n\n<p>*Doctor en ciencia pol\u00edtica por la UNAM.<\/p>\n\n\n\n<p>@gibranrr<\/p>\n","protected":false},"excerpt":{"rendered":"<p>Gibr\u00e1n Ram\u00edrez Reyes* Es imposible sustraer la pol\u00edtica de la mirada sobre la muerte, el&hellip;<\/p>\n","protected":false},"author":2,"featured_media":24099,"comment_status":"closed","ping_status":"open","sticky":false,"template":"","format":"standard","meta":{"_lmt_disableupdate":"","_lmt_disable":"","_jetpack_memberships_contains_paid_content":false,"footnotes":""},"categories":[109,47],"tags":[2489],"class_list":["post-36599","post","type-post","status-publish","format-standard","has-post-thumbnail","hentry","category-minuto-a-minuto","category-zona-gris","tag-gibran-ramirez-reyes"],"jetpack_featured_media_url":"https:\/\/zonaroja.com.mx\/wp-content\/uploads\/2021\/02\/Gibran-Ramirez-Reyes.jpg","jetpack_sharing_enabled":true,"_links":{"self":[{"href":"https:\/\/zonaroja.com.mx\/index.php?rest_route=\/wp\/v2\/posts\/36599","targetHints":{"allow":["GET"]}}],"collection":[{"href":"https:\/\/zonaroja.com.mx\/index.php?rest_route=\/wp\/v2\/posts"}],"about":[{"href":"https:\/\/zonaroja.com.mx\/index.php?rest_route=\/wp\/v2\/types\/post"}],"author":[{"embeddable":true,"href":"https:\/\/zonaroja.com.mx\/index.php?rest_route=\/wp\/v2\/users\/2"}],"replies":[{"embeddable":true,"href":"https:\/\/zonaroja.com.mx\/index.php?rest_route=%2Fwp%2Fv2%2Fcomments&post=36599"}],"version-history":[{"count":1,"href":"https:\/\/zonaroja.com.mx\/index.php?rest_route=\/wp\/v2\/posts\/36599\/revisions"}],"predecessor-version":[{"id":36600,"href":"https:\/\/zonaroja.com.mx\/index.php?rest_route=\/wp\/v2\/posts\/36599\/revisions\/36600"}],"wp:featuredmedia":[{"embeddable":true,"href":"https:\/\/zonaroja.com.mx\/index.php?rest_route=\/wp\/v2\/media\/24099"}],"wp:attachment":[{"href":"https:\/\/zonaroja.com.mx\/index.php?rest_route=%2Fwp%2Fv2%2Fmedia&parent=36599"}],"wp:term":[{"taxonomy":"category","embeddable":true,"href":"https:\/\/zonaroja.com.mx\/index.php?rest_route=%2Fwp%2Fv2%2Fcategories&post=36599"},{"taxonomy":"post_tag","embeddable":true,"href":"https:\/\/zonaroja.com.mx\/index.php?rest_route=%2Fwp%2Fv2%2Ftags&post=36599"}],"curies":[{"name":"wp","href":"https:\/\/api.w.org\/{rel}","templated":true}]}}