{"id":36602,"date":"2022-01-19T13:33:11","date_gmt":"2022-01-19T19:33:11","guid":{"rendered":"https:\/\/www.zonaroja.com.mx\/?p=36602"},"modified":"2022-01-19T13:35:27","modified_gmt":"2022-01-19T19:35:27","slug":"entra-en-vigor-ley-que-protege-patrimonio-cultural-indigena-y-afromexicano","status":"publish","type":"post","link":"https:\/\/zonaroja.com.mx\/?p=36602","title":{"rendered":"Entra en vigor ley que protege patrimonio cultural ind\u00edgena y afromexicano"},"content":{"rendered":"\n<p>Redacci\u00f3n\/Zona Roja. <\/p>\n\n\n\n<p>Oaxaca de Ju\u00e1rez, 19 de enero del 2021.- Al publicarse este lunes en el Diario Oficial de la Federaci\u00f3n (DOF), entr\u00f3 en vigor en M\u00e9xico la Ley Federal de Protecci\u00f3n del Patrimonio Cultural de los Pueblos y Comunidades Ind\u00edgenas y Afromexicanas, que tiene como objetivo reconocer y garantizar el derecho de propiedad de los pueblos y comunidades ind\u00edgenas y afromexicanas sobre los elementos que conforman su patrimonio cultural, sus conocimientos y expresiones culturales tradicionales, as\u00ed como la propiedad intelectual colectiva respecto de dicho patrimonio.<\/p>\n\n\n\n<p>La senadora de Morena, Susana Harp Iturribar\u00eda, se\u00f1al\u00f3 que esta ley tendr\u00e1 como objetivo sancionar el uso, aprovechamiento, comercializaci\u00f3n y explotaci\u00f3n sin consentimiento, a cargo de terceros, de los elementos de la cultura e identidad de los pueblos y comunidades ind\u00edgenas, afromexicanos o equiparables, seg\u00fan corresponda.<\/p>\n\n\n\n<p>Expres\u00f3 que se trata de una ley de derecho colectivo que deja claro que las comunidades son propietarias de sus expresiones culturales y que solo ellas deciden las formas de explotaci\u00f3n de cada una de sus creaciones.<\/p>\n\n\n\n<p>Adem\u00e1s de la protecci\u00f3n jur\u00eddica, tambi\u00e9n se garantiza la salvaguarda de las t\u00e9cnicas de elaboraci\u00f3n y de las materias primas de las expresiones culturales de las comunidades y pueblos de M\u00e9xico. <\/p>\n\n\n\n<p>Con la entrada en vigor de esta ley, toca el turno a las comunidades de M\u00e9xico establecer disposiciones para que, en el ejercicio de su libre determinaci\u00f3n y autonom\u00eda, los pueblos, comunidades ind\u00edgenas y afromexicanas, en lo conducente, las comunidades equiparables; definan los elementos de su cultura e identidad temporalmente accesibles, disponibles, de acceso restringido o inaccesibles a terceros.<\/p>\n","protected":false},"excerpt":{"rendered":"<p>Redacci\u00f3n\/Zona Roja. Oaxaca de Ju\u00e1rez, 19 de enero del 2021.- Al publicarse este lunes en&hellip;<\/p>\n","protected":false},"author":2,"featured_media":36601,"comment_status":"closed","ping_status":"open","sticky":false,"template":"","format":"standard","meta":{"_lmt_disableupdate":"","_lmt_disable":"","_jetpack_memberships_contains_paid_content":false,"footnotes":""},"categories":[109,46],"tags":[],"class_list":["post-36602","post","type-post","status-publish","format-standard","has-post-thumbnail","hentry","category-minuto-a-minuto","category-zona-blanca"],"jetpack_featured_media_url":"https:\/\/zonaroja.com.mx\/wp-content\/uploads\/2022\/01\/img_8182.jpg","jetpack_sharing_enabled":true,"_links":{"self":[{"href":"https:\/\/zonaroja.com.mx\/index.php?rest_route=\/wp\/v2\/posts\/36602","targetHints":{"allow":["GET"]}}],"collection":[{"href":"https:\/\/zonaroja.com.mx\/index.php?rest_route=\/wp\/v2\/posts"}],"about":[{"href":"https:\/\/zonaroja.com.mx\/index.php?rest_route=\/wp\/v2\/types\/post"}],"author":[{"embeddable":true,"href":"https:\/\/zonaroja.com.mx\/index.php?rest_route=\/wp\/v2\/users\/2"}],"replies":[{"embeddable":true,"href":"https:\/\/zonaroja.com.mx\/index.php?rest_route=%2Fwp%2Fv2%2Fcomments&post=36602"}],"version-history":[{"count":1,"href":"https:\/\/zonaroja.com.mx\/index.php?rest_route=\/wp\/v2\/posts\/36602\/revisions"}],"predecessor-version":[{"id":36603,"href":"https:\/\/zonaroja.com.mx\/index.php?rest_route=\/wp\/v2\/posts\/36602\/revisions\/36603"}],"wp:featuredmedia":[{"embeddable":true,"href":"https:\/\/zonaroja.com.mx\/index.php?rest_route=\/wp\/v2\/media\/36601"}],"wp:attachment":[{"href":"https:\/\/zonaroja.com.mx\/index.php?rest_route=%2Fwp%2Fv2%2Fmedia&parent=36602"}],"wp:term":[{"taxonomy":"category","embeddable":true,"href":"https:\/\/zonaroja.com.mx\/index.php?rest_route=%2Fwp%2Fv2%2Fcategories&post=36602"},{"taxonomy":"post_tag","embeddable":true,"href":"https:\/\/zonaroja.com.mx\/index.php?rest_route=%2Fwp%2Fv2%2Ftags&post=36602"}],"curies":[{"name":"wp","href":"https:\/\/api.w.org\/{rel}","templated":true}]}}