{"id":36604,"date":"2022-01-19T17:23:07","date_gmt":"2022-01-19T23:23:07","guid":{"rendered":"http:\/\/www.zonaroja.com.mx\/?p=36604"},"modified":"2022-01-19T17:23:09","modified_gmt":"2022-01-19T23:23:09","slug":"reiteran-rechazo-a-proyectos-mineros-en-oaxaca-exigen-a-semarnat-respeto","status":"publish","type":"post","link":"https:\/\/zonaroja.com.mx\/?p=36604","title":{"rendered":"Reiteran rechazo a proyectos mineros en Oaxaca; exigen a Semarnat respeto"},"content":{"rendered":"\n<p>Yuridiana Sosa\/Zona Roja.<\/p>\n\n\n\n<p>Oaxaca de Ju\u00e1rez, Oax., 19 de enero de 2022.- Autoridades comunitarias, municipales y habitantes defensores del medio ambiente del valle de Ocotl\u00e1n, ratificaron su rechazo a los proyectos mineros en sus comunidades y por lo cual demandaron a la Secretar\u00eda de Ambiente y Recursos Naturales (Semarnat) respeto a su determinaci\u00f3n.<\/p>\n\n\n\n<p>Integrados en el Frente No a la Miner\u00eda por un Futuro de Todas y Todos, los representantes de las poblaciones se\u00f1alaron sobre los atropellos que las empresas responsables de la minera Cuzcatl\u00e1n, filial de la empresa canadiense Fortuna Silver Mines, y Monte Alb\u00e1n I, siguen cometiendo contra ellos y el medio ambiente.<\/p>\n\n\n\n<p>En conferencia de prensa en la capital del estado, destacaron que la asamblea vot\u00f3 para que no se renueven los permisos a la minera Cuzcatl\u00e1n, quien de manera arbitraria ha sentenciado a la poblaci\u00f3n con mantener sus trabajos ante la autorizaci\u00f3n de la Semarnat de un permiso por 12 a\u00f1os m\u00e1s para la explotaci\u00f3n comercial.<\/p>\n\n\n\n<p>Mientras que, en diciembre pasado, un equipo de trabajo con maquinaria pesada arrib\u00f3 a la zona donde se pretende instalar la minera Monte Alb\u00e1n I para realizar deforestaci\u00f3n, causando temor en los habitantes ante la forma violenta en la que permanecieron.<\/p>\n\n\n\n<p>Ante esos hechos que han generado preocupaci\u00f3n entre la poblaci\u00f3n, las autoridades enviar\u00e1n a la dependencia del Medio Ambiente una serie de documentos donde se constata el rechazo de autoridades municipales, agrarias y comunitarias de Catarina Minas y San Dionisio Ocotepec,aAyuntamientos y agencias municipales de Magdalena Ocotl\u00e1n, San Mat\u00edas Chilazoa, Monte del Toro, San Mart\u00edn de los Canseco, Los Ocotes, El Vergel, Santa Catarina Minas, San Nicol\u00e1s Yaxe, San Dionisio Ocotepec, Coordinadora de Pueblos Unidos del Valle de Ocotl\u00e1n, entre otros, as\u00ed como firmas ciudadanas.<\/p>\n\n\n\n<p>Demandaron de manera p\u00fablica que la Semarnat no autorice la Manifestaci\u00f3n de Impacto Ambiental (MIA) al proyecto de Monte Alb\u00e1n I; informaci\u00f3n actual de las solicitudes de minera Cuzcatl\u00e1n.<\/p>\n\n\n\n<p>As\u00ed como que cumpla con la evoluci\u00f3n exhaustiva a sobre los impactos al medio ambiente que ha tenido el proyecto minero en esa zona, como se estableci\u00f3 en octubre pasado.<\/p>\n\n\n\n<p>Los inconformes tambi\u00e9n condenaron la ausencia de la autoridad federal en las consultas comunitarias realizadas en diciembre, pero conf\u00edan en que se respeten sus acuerdos.<\/p>\n\n\n\n<p>\u201cLas comunidades que integramos el Frente comunicamos al gobierno federal que nos mantenemos alertas y en defensa de nuestro territorio ante cualquier autorizaci\u00f3n a minera Cuzcatl\u00e1n\u201d, sentenciaron.<\/p>\n","protected":false},"excerpt":{"rendered":"<p>Yuridiana Sosa\/Zona Roja. Oaxaca de Ju\u00e1rez, Oax., 19 de enero de 2022.- Autoridades comunitarias, municipales&hellip;<\/p>\n","protected":false},"author":2,"featured_media":36605,"comment_status":"closed","ping_status":"open","sticky":false,"template":"","format":"standard","meta":{"_lmt_disableupdate":"","_lmt_disable":"","_jetpack_memberships_contains_paid_content":false,"footnotes":""},"categories":[109,47],"tags":[],"class_list":["post-36604","post","type-post","status-publish","format-standard","has-post-thumbnail","hentry","category-minuto-a-minuto","category-zona-gris"],"jetpack_featured_media_url":"https:\/\/zonaroja.com.mx\/wp-content\/uploads\/2022\/01\/Minera-Cuzcatlan.jpg","jetpack_sharing_enabled":true,"_links":{"self":[{"href":"https:\/\/zonaroja.com.mx\/index.php?rest_route=\/wp\/v2\/posts\/36604","targetHints":{"allow":["GET"]}}],"collection":[{"href":"https:\/\/zonaroja.com.mx\/index.php?rest_route=\/wp\/v2\/posts"}],"about":[{"href":"https:\/\/zonaroja.com.mx\/index.php?rest_route=\/wp\/v2\/types\/post"}],"author":[{"embeddable":true,"href":"https:\/\/zonaroja.com.mx\/index.php?rest_route=\/wp\/v2\/users\/2"}],"replies":[{"embeddable":true,"href":"https:\/\/zonaroja.com.mx\/index.php?rest_route=%2Fwp%2Fv2%2Fcomments&post=36604"}],"version-history":[{"count":1,"href":"https:\/\/zonaroja.com.mx\/index.php?rest_route=\/wp\/v2\/posts\/36604\/revisions"}],"predecessor-version":[{"id":36606,"href":"https:\/\/zonaroja.com.mx\/index.php?rest_route=\/wp\/v2\/posts\/36604\/revisions\/36606"}],"wp:featuredmedia":[{"embeddable":true,"href":"https:\/\/zonaroja.com.mx\/index.php?rest_route=\/wp\/v2\/media\/36605"}],"wp:attachment":[{"href":"https:\/\/zonaroja.com.mx\/index.php?rest_route=%2Fwp%2Fv2%2Fmedia&parent=36604"}],"wp:term":[{"taxonomy":"category","embeddable":true,"href":"https:\/\/zonaroja.com.mx\/index.php?rest_route=%2Fwp%2Fv2%2Fcategories&post=36604"},{"taxonomy":"post_tag","embeddable":true,"href":"https:\/\/zonaroja.com.mx\/index.php?rest_route=%2Fwp%2Fv2%2Ftags&post=36604"}],"curies":[{"name":"wp","href":"https:\/\/api.w.org\/{rel}","templated":true}]}}