{"id":36608,"date":"2022-01-19T18:14:22","date_gmt":"2022-01-20T00:14:22","guid":{"rendered":"http:\/\/www.zonaroja.com.mx\/?p=36608"},"modified":"2022-01-19T18:14:24","modified_gmt":"2022-01-20T00:14:24","slug":"adios-a-nuevos-locales-de-giros-negros-en-santa-lucia-de-camino","status":"publish","type":"post","link":"https:\/\/zonaroja.com.mx\/?p=36608","title":{"rendered":"Adi\u00f3s a nuevos locales de \u201cgiros negros\u201d en Santa Luc\u00eda de Camino"},"content":{"rendered":"\n<p>Yuridiana Sosa\/Zona Roja.<\/p>\n\n\n\n<p>Oaxaca de Ju\u00e1rez, Oax., 19 de enero de 2022.- La emisi\u00f3n de permisos y licencias para la operatividad de \u201cgiros negros\u201d y venta de bebidas alcoh\u00f3licas con envase abierto, quedaron suspendidas en Santa Luc\u00eda del Camino, ante crecimiento desmedido de estos negocios.<\/p>\n\n\n\n<p>En sesi\u00f3n de Cabildo de este mi\u00e9rcoles, con voto un\u00e1nime, la autoridad municipal encabezada por Juan Carlos Garc\u00eda M\u00e1rquez aprob\u00f3 esta medida para controlar y ordenar a este sector comercial que desde hace varios a\u00f1os ha incrementado hasta de forma irregular.<\/p>\n\n\n\n<p>La decisi\u00f3n \u201cha sido una gran demanda de los ciudadanos, pues est\u00e1n cansados que Santa Luc\u00eda del Camino sea el patio trasero \u2013de la capital-, todos los negocios de \u2018giros negros\u2019 est\u00e1n aqu\u00ed\u201d, apunt\u00f3 el presidente municipal.<\/p>\n\n\n\n<p>En este municipio vecino de la capital oaxaque\u00f1a no se otorgar\u00e1n m\u00e1s licencias para el funcionamiento legal de negocios con venta de bebidas alcoh\u00f3licas en envase abierto, copeo, ni \u201cgiros negros\u201d como \u201ctable dance\u201d.<\/p>\n\n\n\n<p>La excepci\u00f3n se aplicar\u00e1 solo para los negocios de venta de bebidas con alcohol en envase cerrado y para llevar, explic\u00f3 el edil en conferencia de prensa, donde tambi\u00e9n estuvieron presentan integrantes de su Cabildo.<\/p>\n\n\n\n<figure class=\"wp-block-embed is-type-rich is-provider-twitter wp-block-embed-twitter\"><div class=\"wp-block-embed__wrapper\">\n<div class=\"twitter-tweet\"><blockquote class=\"twitter-tweet\" data-lang=\"es\"><p lang=\"es\" dir=\"ltr\"><a href=\"https:\/\/twitter.com\/hashtag\/ENVIVO?src=hash&amp;ref_src=twsrc%5Etfw\">#ENVIVO<\/a><br>Santa Luc\u00eda del Camino, Oax., 19 de enero de 2022.- Conferencia de prensa del edil de Santa Luc\u00eda del Camino, <a href=\"https:\/\/twitter.com\/JC_GMarquez?ref_src=twsrc%5Etfw\">@JC_GMarquez<\/a>, respecto a la situaci\u00f3n de los \u201cgiros\u201d negros.<br>Transmisi\u00f3n, en este enlace:<br>\ud83d\udc47<a href=\"https:\/\/t.co\/WGaAPZ6wFw\">https:\/\/t.co\/WGaAPZ6wFw<\/a> <a href=\"https:\/\/t.co\/XD4cZ4Hjbo\">pic.twitter.com\/XD4cZ4Hjbo<\/a><\/p>&mdash; Zona Roja Oaxaca (@Zona_Roja_Oax) <a href=\"https:\/\/twitter.com\/Zona_Roja_Oax\/status\/1483907689759526920?ref_src=twsrc%5Etfw\">19 de enero de 2022<\/a><\/blockquote><\/div>\n<\/div><\/figure>\n\n\n\n<p>Garc\u00eda M\u00e1rquez precis\u00f3 que la autoridad municipal realizar\u00e1 una revisi\u00f3n de documentos y f\u00edsica para constatar que cada establecimiento cumpla con sus licencias para trabajar para que puedan seguir en funciones, pero en caso de no cumplir se clausurar\u00e1 el negocio porque no se podr\u00e1n tramitar nuevos permisos.<\/p>\n\n\n\n<p>Debido a que no se efectu\u00f3 la entrega-recepci\u00f3n por omisi\u00f3n de la administraci\u00f3n saliente de Dante Monta\u00f1o, el gobierno municipal actual desconoce cu\u00e1ntos son los negocios de este sector que se encuentran en funciones, y cu\u00e1ntas licencias se entregaron durante el pasado gobierno.<\/p>\n\n\n\n<p>El edil surgido del Partido Morena recalc\u00f3 que la operatividad de estos negocios seguramente represent\u00f3 un ingreso importante, pero que ahora ning\u00fan dinero por estas licencias estar\u00e1 por encima de la tranquilidad de los vecinos de Santa Luc\u00eda del Camino.<\/p>\n","protected":false},"excerpt":{"rendered":"<p>Yuridiana Sosa\/Zona Roja. Oaxaca de Ju\u00e1rez, Oax., 19 de enero de 2022.- La emisi\u00f3n de&hellip;<\/p>\n","protected":false},"author":2,"featured_media":36609,"comment_status":"closed","ping_status":"open","sticky":false,"template":"","format":"standard","meta":{"_lmt_disableupdate":"","_lmt_disable":"","_jetpack_memberships_contains_paid_content":false,"footnotes":""},"categories":[109,46],"tags":[2608],"class_list":["post-36608","post","type-post","status-publish","format-standard","has-post-thumbnail","hentry","category-minuto-a-minuto","category-zona-blanca","tag-juan-carlos-marquez-garcia"],"jetpack_featured_media_url":"https:\/\/zonaroja.com.mx\/wp-content\/uploads\/2022\/01\/Conferencia-edil-Santa-Lucia-del-Camino.jpg","jetpack_sharing_enabled":true,"_links":{"self":[{"href":"https:\/\/zonaroja.com.mx\/index.php?rest_route=\/wp\/v2\/posts\/36608","targetHints":{"allow":["GET"]}}],"collection":[{"href":"https:\/\/zonaroja.com.mx\/index.php?rest_route=\/wp\/v2\/posts"}],"about":[{"href":"https:\/\/zonaroja.com.mx\/index.php?rest_route=\/wp\/v2\/types\/post"}],"author":[{"embeddable":true,"href":"https:\/\/zonaroja.com.mx\/index.php?rest_route=\/wp\/v2\/users\/2"}],"replies":[{"embeddable":true,"href":"https:\/\/zonaroja.com.mx\/index.php?rest_route=%2Fwp%2Fv2%2Fcomments&post=36608"}],"version-history":[{"count":1,"href":"https:\/\/zonaroja.com.mx\/index.php?rest_route=\/wp\/v2\/posts\/36608\/revisions"}],"predecessor-version":[{"id":36610,"href":"https:\/\/zonaroja.com.mx\/index.php?rest_route=\/wp\/v2\/posts\/36608\/revisions\/36610"}],"wp:featuredmedia":[{"embeddable":true,"href":"https:\/\/zonaroja.com.mx\/index.php?rest_route=\/wp\/v2\/media\/36609"}],"wp:attachment":[{"href":"https:\/\/zonaroja.com.mx\/index.php?rest_route=%2Fwp%2Fv2%2Fmedia&parent=36608"}],"wp:term":[{"taxonomy":"category","embeddable":true,"href":"https:\/\/zonaroja.com.mx\/index.php?rest_route=%2Fwp%2Fv2%2Fcategories&post=36608"},{"taxonomy":"post_tag","embeddable":true,"href":"https:\/\/zonaroja.com.mx\/index.php?rest_route=%2Fwp%2Fv2%2Ftags&post=36608"}],"curies":[{"name":"wp","href":"https:\/\/api.w.org\/{rel}","templated":true}]}}