{"id":36614,"date":"2022-01-19T20:25:59","date_gmt":"2022-01-20T02:25:59","guid":{"rendered":"http:\/\/www.zonaroja.com.mx\/?p=36614"},"modified":"2022-01-19T20:26:01","modified_gmt":"2022-01-20T02:26:01","slug":"exigen-ongs-accion-urgente-para-localizar-con-vida-a-comuneros-secuestrados","status":"publish","type":"post","link":"https:\/\/zonaroja.com.mx\/?p=36614","title":{"rendered":"Exigen ONG\u2019s \u201cacci\u00f3n urgente\u201d para localizar con vida a comuneros secuestrados"},"content":{"rendered":"\n<p>Yuridiana Sosa\/Zona Roja.<\/p>\n\n\n\n<p>Oaxaca de Ju\u00e1rez, Oax., 19 de enero de 2022.- Organizaciones nacionales defensoras de derechos humanos e ind\u00edgenas, exigieron al gobierno federal la ejecuci\u00f3n de acciones necesarias para localizar con vida a los comuneros secuestrados de San Juan Lajarcia, por parte de un grupo armado.<\/p>\n\n\n\n<p>A m\u00e1s de 24 horas de los hechos, las autoridades estatales de Oaxaca no se han posicionado al respecto a pesar de las constantes denuncias de esta comunidad de la Sierra Sur sobre agresiones de sus vecinos de San Bartolo Yautepec, se\u00f1alados como los presuntos responsables de este acto.<\/p>\n\n\n\n<p>Por el hecho, organizaciones como Servicios para una Educaci\u00f3n alternativa (Educa), de Oaxaca, entre otras a nivel nacional de los sectores ind\u00edgenas, campesinos, de derechos humanos, sindicales, de mujeres de 14 estados del pa\u00eds, condenador la acci\u00f3n y se manifestaron de forma escrita para demandar la intervenci\u00f3n de las autoridades de manera inmediata.<\/p>\n\n\n\n<p>Por medio de un comunicado puntualizaron la omisi\u00f3n del gobierno federal y estatal a los llamados de atenci\u00f3n de San Juan Lajarcia, que derivaron en esta reciente agresi\u00f3n que atenta la vida.<\/p>\n\n\n\n<p>Adem\u00e1s, apuntaron que el conflicto entre ambas comunidades se agudiz\u00f3 por la presencia de una empresa cementera.<\/p>\n\n\n\n<p>En tanto, contin\u00faa por segundo d\u00eda consecutivo el bloqueo a la carretera federal 190 Oaxaca-Istmo por parte de los habitantes zapotecas de en San Juan Lajarcia, para solicitar la atenci\u00f3n gubernamental y la liberaci\u00f3n de sus habitantes, Ignacio Altamirano, presidente del Consejo de Vigilancia de dicha comunidad y de los comuneros Cayetano Bautista S\u00e1nchez y Jos\u00e9 Escudero Dom\u00ednguez, entre otros que a\u00fan no han sido localizados tras la incursi\u00f3n del grupo en una parcela donde trabajan.<\/p>\n\n\n\n<p>En tanto, alrededor de las 18:00 horas de hoy, los pobladores de Lajarcia retiraron su bloqueo, que por segundo d\u00eda instalaron en la carretera federal 190 Oaxaca-Istmo, en inmediaciones del crucero a dicha localidad; hasta el momento no se han dado a conocer los avances respecto a las demandas.<\/p>\n","protected":false},"excerpt":{"rendered":"<p>Yuridiana Sosa\/Zona Roja. Oaxaca de Ju\u00e1rez, Oax., 19 de enero de 2022.- Organizaciones nacionales defensoras&hellip;<\/p>\n","protected":false},"author":2,"featured_media":36615,"comment_status":"closed","ping_status":"open","sticky":false,"template":"","format":"standard","meta":{"_lmt_disableupdate":"","_lmt_disable":"","_jetpack_memberships_contains_paid_content":false,"footnotes":""},"categories":[109,47],"tags":[3004],"class_list":["post-36614","post","type-post","status-publish","format-standard","has-post-thumbnail","hentry","category-minuto-a-minuto","category-zona-gris","tag-san-juan-lajarcia"],"jetpack_featured_media_url":"https:\/\/zonaroja.com.mx\/wp-content\/uploads\/2022\/01\/San-Juan-lajarcia-bloqueo.jpg","jetpack_sharing_enabled":true,"_links":{"self":[{"href":"https:\/\/zonaroja.com.mx\/index.php?rest_route=\/wp\/v2\/posts\/36614","targetHints":{"allow":["GET"]}}],"collection":[{"href":"https:\/\/zonaroja.com.mx\/index.php?rest_route=\/wp\/v2\/posts"}],"about":[{"href":"https:\/\/zonaroja.com.mx\/index.php?rest_route=\/wp\/v2\/types\/post"}],"author":[{"embeddable":true,"href":"https:\/\/zonaroja.com.mx\/index.php?rest_route=\/wp\/v2\/users\/2"}],"replies":[{"embeddable":true,"href":"https:\/\/zonaroja.com.mx\/index.php?rest_route=%2Fwp%2Fv2%2Fcomments&post=36614"}],"version-history":[{"count":1,"href":"https:\/\/zonaroja.com.mx\/index.php?rest_route=\/wp\/v2\/posts\/36614\/revisions"}],"predecessor-version":[{"id":36616,"href":"https:\/\/zonaroja.com.mx\/index.php?rest_route=\/wp\/v2\/posts\/36614\/revisions\/36616"}],"wp:featuredmedia":[{"embeddable":true,"href":"https:\/\/zonaroja.com.mx\/index.php?rest_route=\/wp\/v2\/media\/36615"}],"wp:attachment":[{"href":"https:\/\/zonaroja.com.mx\/index.php?rest_route=%2Fwp%2Fv2%2Fmedia&parent=36614"}],"wp:term":[{"taxonomy":"category","embeddable":true,"href":"https:\/\/zonaroja.com.mx\/index.php?rest_route=%2Fwp%2Fv2%2Fcategories&post=36614"},{"taxonomy":"post_tag","embeddable":true,"href":"https:\/\/zonaroja.com.mx\/index.php?rest_route=%2Fwp%2Fv2%2Ftags&post=36614"}],"curies":[{"name":"wp","href":"https:\/\/api.w.org\/{rel}","templated":true}]}}