{"id":36629,"date":"2022-01-20T07:43:15","date_gmt":"2022-01-20T13:43:15","guid":{"rendered":"http:\/\/www.zonaroja.com.mx\/?p=36629"},"modified":"2022-01-20T07:43:18","modified_gmt":"2022-01-20T13:43:18","slug":"omicron-presente-en-71-9-de-casos-de-covid-en-el-mundo","status":"publish","type":"post","link":"https:\/\/zonaroja.com.mx\/?p=36629","title":{"rendered":"\u201c\u00d3micron\u201d, presente en 71.9% de casos de Covid en el mundo"},"content":{"rendered":"\n<p>Redacci\u00f3n\/Zona Roja Cdmx.<\/p>\n\n\n\n<p>Ciudad de M\u00e9xico, 20 de enero de 2022.- La variante \u201c\u00d3micron\u201d del coronavirus causante del Covid-19, descubierta a principios de noviembre pasado, ya est\u00e1 presente en un 71.9 por ciento de los casos analizados en los \u00faltimos 30 d\u00edas por la red global de laboratorios GISAID, indic\u00f3 el informe epidemiol\u00f3gico semanal de la Organizaci\u00f3n Mundial de la Salud (OMS).<\/p>\n\n\n\n<p>De los 405 mil espec\u00edmenes recolectados, se detect\u00f3 la variante \u201c\u00d3micron\u201d en 291 mil casos, mientras que la Delta, que domin\u00f3 buena parte de la pandemia en 2021, s\u00f3lo estuvo presente en un 28 por ciento de los an\u00e1lisis de los \u00faltimos 30 d\u00edas (113 mil), subray\u00f3 el informe.<\/p>\n\n\n\n<p>Otras variantes que la OMS design\u00f3 como \u00abpreocupantes\u00bb, como la Gamma y la Alfa, representan menos del 0.1 por ciento de las muestras realizadas.<\/p>\n\n\n\n<p>La variante \u201c\u00d3micron\u201d est\u00e1 causando cifras r\u00e9cord de contagios a nivel global, aunque ello no ha ido acompa\u00f1ado de un aumento de los fallecimientos, por lo que en principio parece asociada a formas menos graves de covid-19.<\/p>\n\n\n\n<p>La OMS mantiene, sin embargo, sus advertencias y recomendaciones para evitar contraer la enfermedad, ya que el aumento exponencial de los contagios en la mayor\u00eda de las regiones ha a\u00f1adido presi\u00f3n a las redes sanitarias. Si bien, en esta ocasi\u00f3n m\u00e1s a los centros de atenci\u00f3n primaria que a los hospitales.<\/p>\n\n\n\n<p>(Informaci\u00f3n de EFE y \u201cMilenio\u201d)<\/p>\n","protected":false},"excerpt":{"rendered":"<p>Redacci\u00f3n\/Zona Roja Cdmx. Ciudad de M\u00e9xico, 20 de enero de 2022.- La variante \u201c\u00d3micron\u201d del&hellip;<\/p>\n","protected":false},"author":2,"featured_media":34773,"comment_status":"closed","ping_status":"open","sticky":false,"template":"","format":"standard","meta":{"_lmt_disableupdate":"","_lmt_disable":"","_jetpack_memberships_contains_paid_content":false,"footnotes":""},"categories":[109,47],"tags":[2956],"class_list":["post-36629","post","type-post","status-publish","format-standard","has-post-thumbnail","hentry","category-minuto-a-minuto","category-zona-gris","tag-variante-covid-omicron"],"jetpack_featured_media_url":"https:\/\/zonaroja.com.mx\/wp-content\/uploads\/2021\/11\/variante-Covid-coroavirus-Omicron.jpg","jetpack_sharing_enabled":true,"_links":{"self":[{"href":"https:\/\/zonaroja.com.mx\/index.php?rest_route=\/wp\/v2\/posts\/36629","targetHints":{"allow":["GET"]}}],"collection":[{"href":"https:\/\/zonaroja.com.mx\/index.php?rest_route=\/wp\/v2\/posts"}],"about":[{"href":"https:\/\/zonaroja.com.mx\/index.php?rest_route=\/wp\/v2\/types\/post"}],"author":[{"embeddable":true,"href":"https:\/\/zonaroja.com.mx\/index.php?rest_route=\/wp\/v2\/users\/2"}],"replies":[{"embeddable":true,"href":"https:\/\/zonaroja.com.mx\/index.php?rest_route=%2Fwp%2Fv2%2Fcomments&post=36629"}],"version-history":[{"count":1,"href":"https:\/\/zonaroja.com.mx\/index.php?rest_route=\/wp\/v2\/posts\/36629\/revisions"}],"predecessor-version":[{"id":36630,"href":"https:\/\/zonaroja.com.mx\/index.php?rest_route=\/wp\/v2\/posts\/36629\/revisions\/36630"}],"wp:featuredmedia":[{"embeddable":true,"href":"https:\/\/zonaroja.com.mx\/index.php?rest_route=\/wp\/v2\/media\/34773"}],"wp:attachment":[{"href":"https:\/\/zonaroja.com.mx\/index.php?rest_route=%2Fwp%2Fv2%2Fmedia&parent=36629"}],"wp:term":[{"taxonomy":"category","embeddable":true,"href":"https:\/\/zonaroja.com.mx\/index.php?rest_route=%2Fwp%2Fv2%2Fcategories&post=36629"},{"taxonomy":"post_tag","embeddable":true,"href":"https:\/\/zonaroja.com.mx\/index.php?rest_route=%2Fwp%2Fv2%2Ftags&post=36629"}],"curies":[{"name":"wp","href":"https:\/\/api.w.org\/{rel}","templated":true}]}}