{"id":3663,"date":"2019-09-04T09:45:56","date_gmt":"2019-09-04T14:45:56","guid":{"rendered":"http:\/\/www.zonaroja.com.mx\/?p=3663"},"modified":"2019-09-04T09:45:58","modified_gmt":"2019-09-04T14:45:58","slug":"por-medio-de-murales-buscan-concientizar-sobre-el-trabajo-infantil-en-tuxtepec","status":"publish","type":"post","link":"https:\/\/zonaroja.com.mx\/?p=3663","title":{"rendered":"Por medio de murales buscan concientizar sobre el trabajo infantil en Tuxtepec"},"content":{"rendered":"\n<p>Evlin\nArag\u00f3n\/Zona Roja.<\/p>\n\n\n\n<p>Oaxaca de\nJu\u00e1rez, Oax., 4 de septiembre de 2019.- Con la realizaci\u00f3n de murales en puntos\nestrat\u00e9gicos de la regi\u00f3n de la Cuenca del Papaloapan, las organizaciones\nSiKanda y World Vision M\u00e9xico, con el apoyo de j\u00f3venes artistas buscan crear\nconciencia sobre la problem\u00e1tica en torno al trabajo infantil en la entidad oaxaque\u00f1a.<\/p>\n\n\n\n<p>Se trata de\n15 pinturas realizadas en comunidades de los municipios de Acatl\u00e1n de P\u00e9rez\nFigueroa y San Miguel Soyaltepec, zona en la que desarrollan una iniciativa de\ncooperaci\u00f3n internacional que tiene como prop\u00f3sito fundamental disminuir y erradicar\nlas labores agr\u00edcolas que realizan ni\u00f1as, ni\u00f1os y adolescentes.<\/p>\n\n\n\n<p>De acuerdo con representantes de SiKanda, es por medio de la imagen, en cada una de las pinturas, que se pretenden promover la prevenci\u00f3n y erradicaci\u00f3n del trabajo infantil, principalmente\u00a0 en comunidades agr\u00edcolas migrantes en la zona, donde se tiene registro de un importante n\u00famero de menores de edad que trabajan.<\/p>\n\n\n\n<figure class=\"wp-block-image\"><img decoding=\"async\" width=\"1024\" height=\"458\" src=\"http:\/\/www.zonaroja.com.mx\/wp-content\/uploads\/2019\/09\/84a1b8aa-d220-420a-a6c3-7c48788f1c4f-1-1024x458.jpg\" alt=\"\" class=\"wp-image-3664\" srcset=\"https:\/\/zonaroja.com.mx\/wp-content\/uploads\/2019\/09\/84a1b8aa-d220-420a-a6c3-7c48788f1c4f-1-1024x458.jpg 1024w, https:\/\/zonaroja.com.mx\/wp-content\/uploads\/2019\/09\/84a1b8aa-d220-420a-a6c3-7c48788f1c4f-1-300x134.jpg 300w, https:\/\/zonaroja.com.mx\/wp-content\/uploads\/2019\/09\/84a1b8aa-d220-420a-a6c3-7c48788f1c4f-1-768x343.jpg 768w, https:\/\/zonaroja.com.mx\/wp-content\/uploads\/2019\/09\/84a1b8aa-d220-420a-a6c3-7c48788f1c4f-1-1170x523.jpg 1170w, https:\/\/zonaroja.com.mx\/wp-content\/uploads\/2019\/09\/84a1b8aa-d220-420a-a6c3-7c48788f1c4f-1-585x262.jpg 585w, https:\/\/zonaroja.com.mx\/wp-content\/uploads\/2019\/09\/84a1b8aa-d220-420a-a6c3-7c48788f1c4f-1.jpg 1208w\" sizes=\"(max-width: 1024px) 100vw, 1024px\" \/><\/figure>\n\n\n\n<p>Y es que la\nmayor\u00eda de ni\u00f1as, ni\u00f1os adolescentes de la zona participan actualmente en el\ncorte de ca\u00f1a, actividad que violenta los Derechos de la Ni\u00f1ez reconocidos en\nlas leyes locales, nacionales y tratados internacionales, ya que pone en riesgo\nsu salud, educaci\u00f3n e integridad f\u00edsica.<\/p>\n\n\n\n<p>Para lo\nanterior han hecho alianza con el joven artista tuxtepecano Fredy Samuel Cruz\nS\u00e1nchez, del colectivo Pintemos Tuxtepec, quien busca, por medio de sus\nmurales, representar a ni\u00f1as y ni\u00f1os de la regi\u00f3n en momentos que expresen un\nestado de bienestar, libertad o ejercicio del derecho a la educaci\u00f3n<\/p>\n\n\n\n<p>Cada una de\nlas 15 pintura conforman la ruta cultural llamada \u201cSo\u00f1adores\u201d en la cual\nparticipan ni\u00f1as y ni\u00f1os, que forman parte de la iniciativa de cooperaci\u00f3n\ninternacional encabezada por SiKanda y World Vision M\u00e9xico, y que contribuyen\nen la creaci\u00f3n de la idea principal, la elaboraci\u00f3n de bocetos, as\u00ed como alg\u00fan\nproceso creativo del mural en apoyo a los artistas.<\/p>\n\n\n\n<p>Cabe se\u00f1alar\nque de acuerdo con el m\u00e1s reciente estudio de la Organizaci\u00f3n Internacional del\nTrabajo (OIT), Oaxaca mantiene \u00edndices de trabajo infantil agr\u00edcola\n\u201calarmantes\u201d, toda vez que cuatro de cada 10 ni\u00f1as y ni\u00f1os menores de 14 a\u00f1os\nlo realizan.<\/p>\n","protected":false},"excerpt":{"rendered":"<p>Evlin Arag\u00f3n\/Zona Roja. Oaxaca de Ju\u00e1rez, Oax., 4 de septiembre de 2019.- Con la realizaci\u00f3n&hellip;<\/p>\n","protected":false},"author":2,"featured_media":3665,"comment_status":"closed","ping_status":"open","sticky":false,"template":"","format":"standard","meta":{"_lmt_disableupdate":"","_lmt_disable":"","_jetpack_memberships_contains_paid_content":false,"footnotes":""},"categories":[109,46],"tags":[667,668],"class_list":["post-3663","post","type-post","status-publish","format-standard","has-post-thumbnail","hentry","category-minuto-a-minuto","category-zona-blanca","tag-sikanda","tag-world-vision"],"jetpack_featured_media_url":"https:\/\/zonaroja.com.mx\/wp-content\/uploads\/2019\/09\/a31cb3a2-4e11-42c9-9883-db15f362f37f-1.jpg","jetpack_sharing_enabled":true,"_links":{"self":[{"href":"https:\/\/zonaroja.com.mx\/index.php?rest_route=\/wp\/v2\/posts\/3663","targetHints":{"allow":["GET"]}}],"collection":[{"href":"https:\/\/zonaroja.com.mx\/index.php?rest_route=\/wp\/v2\/posts"}],"about":[{"href":"https:\/\/zonaroja.com.mx\/index.php?rest_route=\/wp\/v2\/types\/post"}],"author":[{"embeddable":true,"href":"https:\/\/zonaroja.com.mx\/index.php?rest_route=\/wp\/v2\/users\/2"}],"replies":[{"embeddable":true,"href":"https:\/\/zonaroja.com.mx\/index.php?rest_route=%2Fwp%2Fv2%2Fcomments&post=3663"}],"version-history":[{"count":1,"href":"https:\/\/zonaroja.com.mx\/index.php?rest_route=\/wp\/v2\/posts\/3663\/revisions"}],"predecessor-version":[{"id":3666,"href":"https:\/\/zonaroja.com.mx\/index.php?rest_route=\/wp\/v2\/posts\/3663\/revisions\/3666"}],"wp:featuredmedia":[{"embeddable":true,"href":"https:\/\/zonaroja.com.mx\/index.php?rest_route=\/wp\/v2\/media\/3665"}],"wp:attachment":[{"href":"https:\/\/zonaroja.com.mx\/index.php?rest_route=%2Fwp%2Fv2%2Fmedia&parent=3663"}],"wp:term":[{"taxonomy":"category","embeddable":true,"href":"https:\/\/zonaroja.com.mx\/index.php?rest_route=%2Fwp%2Fv2%2Fcategories&post=3663"},{"taxonomy":"post_tag","embeddable":true,"href":"https:\/\/zonaroja.com.mx\/index.php?rest_route=%2Fwp%2Fv2%2Ftags&post=3663"}],"curies":[{"name":"wp","href":"https:\/\/api.w.org\/{rel}","templated":true}]}}