{"id":36637,"date":"2022-01-20T08:06:27","date_gmt":"2022-01-20T14:06:27","guid":{"rendered":"http:\/\/www.zonaroja.com.mx\/?p=36637"},"modified":"2022-01-20T08:06:29","modified_gmt":"2022-01-20T14:06:29","slug":"ilegal-convocatoria-de-edil-de-union-hidalgo-para-reactivar-consulta-sobre-eolica","status":"publish","type":"post","link":"https:\/\/zonaroja.com.mx\/?p=36637","title":{"rendered":"Ilegal, convocatoria de edil de Uni\u00f3n Hidalgo para reactivar consulta sobre e\u00f3lica"},"content":{"rendered":"\n<p>Redacci\u00f3n\/Zona Roja.<\/p>\n\n\n\n<p>Ciudad de M\u00e9xico\/ Mi\u00e9rcoles 19 de enero 2022.- El Colectivo en Defensa de los Derechos Humanos y de los Bienes Comunales de la comunidad ind\u00edgena de Uni\u00f3n Hidalgo, denunciaron que la convocatoria hecha por el presidente municipal Juan Jes\u00fas Mart\u00ednez Rasgado, para dar avance al parque e\u00f3lico \u201cGunna Sicar\u00fa\u201d es ilegal y debe ser cancelada.<\/p>\n\n\n\n<p>\u201cEl presidente pone en inminente riesgo la salud de las personas en Uni\u00f3n Hidalgo, invitando a un evento masivo a pesar de la prevalencia de la pandemia por Covid-19, contradiciendo el mandato de las autoridades de salud estatales y federales, quienes de manera oficial han pedido la cancelaci\u00f3n o aplazamiento de estas reuniones\u201d, expuso el Proyecto de Derechos Econ\u00f3micos, Sociales y Culturales, A.C. \u00a0(Prodesc) en un comunicado.<\/p>\n\n\n\n<p>Indic\u00f3 que, de acuerdo con habitantes, el municipio carece de servicios de salud adecuados y suficientes, pues cuenta con una sola cl\u00ednica comunitaria que no tiene capacidad para recibir y dar atenci\u00f3n a pacientes contagiados de coronavirus, ya que no hay camas de hospital.<\/p>\n\n\n\n<p>\u201cDesde el Colectivo en Defensa de los Derechos Humanos y de los Bienes Comunales de la comunidad ind\u00edgena de Uni\u00f3n Hidalgo y Prodesc identificamos que la convocatoria hecha por Juan Jes\u00fas Mart\u00ednez Rasgado pone en riesgo grave los derechos a la vida, la salud y la integridad de las y los habitantes de Uni\u00f3n Hidalgo, al ser emitido en un momento en que los casos de contagio de Covid-19 en su variante \u201c\u00d3micron\u201d, han aumentado dr\u00e1sticamente en M\u00e9xico, Oaxaca y la regi\u00f3n del Istmo, por lo que resulta violatoria de Derechos Humanos\u201d.<\/p>\n\n\n\n<p>Por ello, ambas instancias, acompa\u00f1adas porProdesc, promovi\u00f3 un juicio de amparo en contra de las acciones del presidente municipal y continuar\u00e1n con el juicio en tribunales franceses con la finalidad de hacer respetar el derecho que tiene la comunidad de Uni\u00f3n Hidalgo a ser consultada de manera verdaderamente previa, libre e informada en M\u00e9xico y el extranjero.<\/p>\n\n\n\n<p>\u201cLlamamos a las autoridades de salud estatales y federales a reiterar el llamado a la presidencia municipal de Uni\u00f3n Hidalgo para cancelar eventos como el de la Asamblea General Comunal\u201d, expuso.<\/p>\n\n\n\n<p>A\u00f1adieron que la convocatoria emitida el pasado 14 de enero 2022 por el presidente municipal Mart\u00ednez Rasgadio a Asamblea General Comunitaria a la comunidad ind\u00edgena de Uni\u00f3n Hidalgo para continuar con la etapa deliberativa de la consulta previa, libre e informada, sobre la construcci\u00f3n y operaci\u00f3n del proyecto \u201cCentral E\u00f3lica Gunaa Sicar\u00fa\u201d, del generador de energ\u00eda estatal franc\u00e9s EDF, es ilegal toda vez que los procedimientos de consulta, conforme a la Ley de la Industria El\u00e9ctrica, son llevados a cabo por la Secretar\u00eda de Energ\u00eda del Gobierno de M\u00e9xico.<\/p>\n\n\n\n<p>\u201cEl Colectivo en Defensa de los Derechos Humanos y de los Bienes Comunales de la comunidad ind\u00edgena de Uni\u00f3n Hidalgo y ProDESC se\u00f1alamos y condenamos que la autoridad municipal incurra en un conflicto de inter\u00e9s pues aparece como autoridad convocante y a su vez como instituci\u00f3n representativa\u201d, expuso.<\/p>\n\n\n\n<p>Las organizaciones exhortaron cancelar, por el inter\u00e9s com\u00fan, la convocatoria del pr\u00f3ximo 22 de enero hasta en tanto no existan condiciones sanitarias para la totalidad de la poblaci\u00f3n en Uni\u00f3n Hidalgo, incluyendo a ni\u00f1os y j\u00f3venes que no han recibido a\u00fan el esquema de vacunaci\u00f3n.<\/p>\n","protected":false},"excerpt":{"rendered":"<p>Redacci\u00f3n\/Zona Roja. Ciudad de M\u00e9xico\/ Mi\u00e9rcoles 19 de enero 2022.- El Colectivo en Defensa de&hellip;<\/p>\n","protected":false},"author":2,"featured_media":9809,"comment_status":"closed","ping_status":"open","sticky":false,"template":"","format":"standard","meta":{"_lmt_disableupdate":"","_lmt_disable":"","_jetpack_memberships_contains_paid_content":false,"footnotes":""},"categories":[109,47],"tags":[2100],"class_list":["post-36637","post","type-post","status-publish","format-standard","has-post-thumbnail","hentry","category-minuto-a-minuto","category-zona-gris","tag-eolica-gunna-sicaru-union-hidalgo"],"jetpack_featured_media_url":"https:\/\/zonaroja.com.mx\/wp-content\/uploads\/2020\/03\/E\u00f3lica-Uni\u00f3n-Hidalgo.jpg","jetpack_sharing_enabled":true,"_links":{"self":[{"href":"https:\/\/zonaroja.com.mx\/index.php?rest_route=\/wp\/v2\/posts\/36637","targetHints":{"allow":["GET"]}}],"collection":[{"href":"https:\/\/zonaroja.com.mx\/index.php?rest_route=\/wp\/v2\/posts"}],"about":[{"href":"https:\/\/zonaroja.com.mx\/index.php?rest_route=\/wp\/v2\/types\/post"}],"author":[{"embeddable":true,"href":"https:\/\/zonaroja.com.mx\/index.php?rest_route=\/wp\/v2\/users\/2"}],"replies":[{"embeddable":true,"href":"https:\/\/zonaroja.com.mx\/index.php?rest_route=%2Fwp%2Fv2%2Fcomments&post=36637"}],"version-history":[{"count":1,"href":"https:\/\/zonaroja.com.mx\/index.php?rest_route=\/wp\/v2\/posts\/36637\/revisions"}],"predecessor-version":[{"id":36638,"href":"https:\/\/zonaroja.com.mx\/index.php?rest_route=\/wp\/v2\/posts\/36637\/revisions\/36638"}],"wp:featuredmedia":[{"embeddable":true,"href":"https:\/\/zonaroja.com.mx\/index.php?rest_route=\/wp\/v2\/media\/9809"}],"wp:attachment":[{"href":"https:\/\/zonaroja.com.mx\/index.php?rest_route=%2Fwp%2Fv2%2Fmedia&parent=36637"}],"wp:term":[{"taxonomy":"category","embeddable":true,"href":"https:\/\/zonaroja.com.mx\/index.php?rest_route=%2Fwp%2Fv2%2Fcategories&post=36637"},{"taxonomy":"post_tag","embeddable":true,"href":"https:\/\/zonaroja.com.mx\/index.php?rest_route=%2Fwp%2Fv2%2Ftags&post=36637"}],"curies":[{"name":"wp","href":"https:\/\/api.w.org\/{rel}","templated":true}]}}